{"id":131,"date":"2020-01-30T18:06:00","date_gmt":"2020-01-30T17:06:00","guid":{"rendered":"https:\/\/abdoumoustoifa.wordpress.com\/?p=131"},"modified":"2020-01-30T18:06:00","modified_gmt":"2020-01-30T17:06:00","slug":"ortc-le-ministre-de-linformation-suspend-la-redactrice-en-chef-et-la-directrice-de-linformation","status":"publish","type":"post","link":"https:\/\/abdoumoustoifa.info\/index.php\/2020\/01\/30\/ortc-le-ministre-de-linformation-suspend-la-redactrice-en-chef-et-la-directrice-de-linformation\/","title":{"rendered":"Ortc : le ministre de l&rsquo;information suspend la redactrice en chef et la directrice de l&rsquo;information"},"content":{"rendered":"\n<p><em><strong>Les int\u00e9ress\u00e9es apprenaient leur suspension \u00e0 travers une publication faite sur le c\u00e9l\u00e8bre r\u00e9seau social, Facebook. Jusqu\u2019\u00e0 pr\u00e9sent on ignore encore les fautes que ces jeunes journalistes auraient commises.<\/strong>&nbsp;<\/em><\/p>\n\n\n\n<figure class=\"wp-block-image size-large is-resized\"><img fetchpriority=\"high\" decoding=\"async\" src=\"http:\/\/abdoumoustoifa.info\/wp-content\/uploads\/2020\/02\/dsc_0148.jpg?w=750\" alt=\"\" class=\"wp-image-135\" width=\"750\" height=\"500\" srcset=\"https:\/\/abdoumoustoifa.info\/wp-content\/uploads\/2020\/02\/dsc_0148.jpg 750w, https:\/\/abdoumoustoifa.info\/wp-content\/uploads\/2020\/02\/dsc_0148-300x200.jpg 300w\" sizes=\"(max-width: 750px) 100vw, 750px\" \/><figcaption><strong>Le Ministre de l&rsquo;information Ahmed Ben Said Jaffar<\/strong><\/figcaption><\/figure>\n\n\n\n<p><\/p>\n\n\n\n<p><strong>Par Abdou Moustoifa<\/strong><\/p>\n\n\n\n<p>L\u2019information a fait l\u2019effet d\u2019une bombe depuis qu\u2019elle a \u00e9t\u00e9 l\u00e2ch\u00e9e sur la toile jeudi dernier. La d\u00e9cision prise par le ministre de l\u2019Information, Ahmed Ben Said Jaffar de mettre mis fin aux fonction de Moinadjoumoi Papa Ali et Binti Mhadjou, qui occupaient respectivement respectivement r\u00e9dactrice en chef et directrice de l\u2019information le 30 janvier a pris tout le monde de court. <\/p>\n\n\n\n<p>A l\u2019heure o\u00f9 nous \u00e9crivions ces lignes, le minist\u00e8re de l\u2019Information n\u2019avait pas avanc\u00e9 les motifs justifiant cette mise \u00e0 l\u2019\u00e9cart. Les deux notes de suspension rendues publique le jeudi apr\u00e8s-midi sont silencieuses sur les faits reproch\u00e9s \u00e0 ces jeunes et courageuses journalistes. Nous avons tent\u00e9 d\u2019obtenir une r\u00e9action du ministre Ahmed Ben Said Jaffar en vain. Idem pour le directeur de cabinet du minist\u00e8re de l\u2019Information, qui ne nous a jamais rappel\u00e9 bien qu\u2019il avait promis de revenir vers nous. <\/p>\n\n\n\n<p>&nbsp;Ce qui est \u00e9tonnant, l\u2019ex r\u00e9dactrice en chef de l\u2019Ortc et l\u2019ancienne directrice de l\u2019information, affirment n\u2019avoir re\u00e7u aucun courrier annon\u00e7ant leur suspension. Pas m\u00eame un coup de fil.&nbsp; \u00a0\u00bb <em>Moi je l\u2019ai appris sur Facebook. Mais m\u00eame notre chef, il nous a rien notifi\u00e9. Pour l\u2019instant j\u2019ai rendu les clefs de mon bureau<\/em>\u00ab\u00a0, a fait savoir Moinadjoumoi que nous avons joint au t\u00e9l\u00e9phone samedi. Le directeur g\u00e9n\u00e9ral de l\u2019Ortc, Salim Hafi serait \u00e0 l\u2019ext\u00e9rieur. <\/p>\n\n\n\n<p>Ben Abdou qui assure l\u2019int\u00e9rim, lui a juste a appris la suspension par la voie du ministre de l\u2019Information. Rien de plus. Difficile on en connait pas officiellement pourquoi, nos cons\u0153urs ont saut\u00e9.&nbsp;<\/p>\n\n\n\n<p><strong>L\u2019ouverture de l\u2019antenne&nbsp;?<\/strong><\/p>\n\n\n\n<p class=\"has-text-color has-normal-font-size has-foreground-color\">Binti Mhadjou qui avait \u00e9t\u00e9 promue directrice de l\u2019information il y a presque deux mois. La&nbsp; &nbsp;nomination de sa coll\u00e8gue, Moinadjoumoi Papa remonte par contre \u00e0 la fin du mois de d\u00e9cembre. Ces choix avaient \u00e9t\u00e9 salu\u00e9s partout, surtout sur les r\u00e9aux sociaux. On avait d\u2019ailleurs constat\u00e9 au cours de ces derniers temps une ouverture de l\u2019antenne. <\/p>\n\n\n\n<p>Ph\u00e9nom\u00e8ne aussi rarissime pour la t\u00e9l\u00e9vision nationale accus\u00e9e de faire la propagande de ceux qui sont au pouvoir. Ce virage \u00e0 180\u00b0 de la ligne \u00e9ditoriale \u00e9tait d\u00e9crite comme une nouvelle \u00e8re. La preuve, les leaders de l\u2019opposition \u00e0 l\u2019instar de Mouigni Baraka, Ibrahim Abdourazakou Razida se sont succ\u00e9d\u00e9s sur le plateau il y a quelques semaines. Selon les indiscr\u00e9tions, les \u00e9ditions de la semaine pr\u00e9c\u00e9dente domin\u00e9e par la gr\u00e8ve des commer\u00e7ants et importateurs en serait la cause de l\u2019\u00e9vincement de ces jeunes dames.&nbsp;<\/p>\n\n\n\n<p> \u00a0\u00bb <em>Nous accordions un temps \u00e9quilibr\u00e9 \u00e0 tous les acteurs, que \u00e7a soit les gr\u00e9vistes, les consommateurs, et le gouvernement<\/em>\u00ab\u00a0, a r\u00e9torqu\u00e9 Binti Mhadjou avant d\u2019ajouter \u00a0\u00bb <em>Pour le moment, nous avons pris acte de la d\u00e9cision et nous attendons le retour de notre directeur<\/em>\u00ab\u00a0.<\/p>\n<div id=\"wp-share-button-131\" class=\"wp-share-button theme20\"><span class=\"total-share \"><i class=\"total-count-text\">Total Share<\/i> <i class=\"total-count\">0<\/i> <\/span><a target=\"_blank\" href=\"mailto:?subject=Ortc%20:%20le%20ministre%20de%20l&rsquo;information%20suspend%20la%20redactrice%20en%20chef%20et%20la%20directrice%20de%20l&rsquo;information&#038;body=https:\/\/abdoumoustoifa.info\/index.php\/2020\/01\/30\/ortc-le-ministre-de-linformation-suspend-la-redactrice-en-chef-et-la-directrice-de-linformation\/\" class=\"share-button share-button-131 email\" id=\"email\" data-nonce=\"7beb67466d\">\r\n\r\n<span class=\"button-icon\">&lt;i class=&quot;far fa-envelope&quot;&gt;&lt;\/i&gt;<\/span>\r\n<span class=\"button-name\">Email<\/span>\r\n\r\n<span class=\"button-count\">0<\/span>\r\n\r\n<\/a>\r\n\r\n<a target=\"_blank\" href=\"https:\/\/www.facebook.com\/sharer\/sharer.php?u=https:\/\/abdoumoustoifa.info\/index.php\/2020\/01\/30\/ortc-le-ministre-de-linformation-suspend-la-redactrice-en-chef-et-la-directrice-de-linformation\/\" class=\"share-button share-button-131 facebook\" id=\"facebook\" data-nonce=\"7beb67466d\">\r\n\r\n<span class=\"button-icon\">&lt;i class=&quot;fab fa-facebook-f&quot;&gt;&lt;\/i&gt;<\/span>\r\n<span class=\"button-name\">Facebook<\/span>\r\n\r\n<span class=\"button-count\">0<\/span>\r\n\r\n<\/a>\r\n\r\n<a target=\"_blank\" href=\"https:\/\/twitter.com\/intent\/tweet?url=https:\/\/abdoumoustoifa.info\/index.php\/2020\/01\/30\/ortc-le-ministre-de-linformation-suspend-la-redactrice-en-chef-et-la-directrice-de-linformation\/&#038;text=Ortc%20:%20le%20ministre%20de%20l&rsquo;information%20suspend%20la%20redactrice%20en%20chef%20et%20la%20directrice%20de%20l&rsquo;information\" class=\"share-button share-button-131 twitter\" id=\"twitter\" data-nonce=\"7beb67466d\">\r\n\r\n<span class=\"button-icon\">&lt;i class=&quot;fab fa-twitter&quot;&gt;&lt;\/i&gt;<\/span>\r\n<span class=\"button-name\">Twitter<\/span>\r\n\r\n<span class=\"button-count\">0<\/span>\r\n\r\n<\/a>\r\n\r\n<a target=\"_blank\" href=\"http:\/\/www.reddit.com\/submit?title=Ortc%20:%20le%20ministre%20de%20l&rsquo;information%20suspend%20la%20redactrice%20en%20chef%20et%20la%20directrice%20de%20l&rsquo;information&#038;url=https:\/\/abdoumoustoifa.info\/index.php\/2020\/01\/30\/ortc-le-ministre-de-linformation-suspend-la-redactrice-en-chef-et-la-directrice-de-linformation\/\" class=\"share-button share-button-131 reddit\" id=\"reddit\" data-nonce=\"7beb67466d\">\r\n\r\n<span class=\"button-icon\">&lt;i class=&quot;fab fa-reddit-alien&quot;&gt;&lt;\/i&gt;<\/span>\r\n<span class=\"button-name\">Reddit<\/span>\r\n\r\n<span class=\"button-count\">0<\/span>\r\n\r\n<\/a>\r\n\r\n<a title=\"More...\" href=\"#wp-share-button-131\" class=\"share-button-more\"><span class=\"button-icon\"><i class=\"fa fa-plus\"><\/i><\/span><\/a><div class=\"wp-share-button-popup wp-share-button-popup-131\"><div class=\"popup-buttons\"><span class=\"close\">X<\/span><a target=\"_blank\" href=\"https:\/\/www.linkedin.com\/shareArticle?url=https:\/\/abdoumoustoifa.info\/index.php\/2020\/01\/30\/ortc-le-ministre-de-linformation-suspend-la-redactrice-en-chef-et-la-directrice-de-linformation\/&#038;title=Ortc%20:%20le%20ministre%20de%20l&rsquo;information%20suspend%20la%20redactrice%20en%20chef%20et%20la%20directrice%20de%20l&rsquo;information&#038;summary=&#038;source=\" class=\"share-button share-button-131 linkedin\" id=\"linkedin\">\r\n\r\n<span class=\"button-icon\"><i class=\"fab fa-linkedin-in\"><\/i><\/span>\r\n<span class=\"button-name\">Linkedin<\/span>\r\n<span class=\"button-count\">0<\/span>\t\t\t\t\r\n\r\n<\/a>\r\n<a target=\"_blank\" href=\"http:\/\/www.stumbleupon.com\/submit?url=https:\/\/abdoumoustoifa.info\/index.php\/2020\/01\/30\/ortc-le-ministre-de-linformation-suspend-la-redactrice-en-chef-et-la-directrice-de-linformation\/&#038;title=Ortc%20:%20le%20ministre%20de%20l&rsquo;information%20suspend%20la%20redactrice%20en%20chef%20et%20la%20directrice%20de%20l&rsquo;information\" class=\"share-button share-button-131 stumbleupon\" id=\"stumbleupon\">\r\n\r\n<span class=\"button-icon\"><i class=\"fab fa-stumbleupon\"><\/i><\/span>\r\n<span class=\"button-name\">Stumbleupon<\/span>\r\n<span class=\"button-count\">0<\/span>\t\t\t\t\r\n\r\n<\/a>\r\n<\/div><\/div><\/div>","protected":false},"excerpt":{"rendered":"<p>Les int\u00e9ress\u00e9es apprenaient leur suspension \u00e0 travers une publication faite sur le c\u00e9l\u00e8bre r\u00e9seau social, Facebook. Jusqu\u2019\u00e0 pr\u00e9sent on ignore encore les fautes que ces jeunes journalistes auraient commises.&nbsp; Par Abdou Moustoifa L\u2019information a fait l\u2019effet d\u2019une bombe depuis qu\u2019elle a \u00e9t\u00e9 l\u00e2ch\u00e9e sur la toile jeudi dernier. La d\u00e9cision prise par le ministre de&hellip; <a class=\"more-link\" href=\"https:\/\/abdoumoustoifa.info\/index.php\/2020\/01\/30\/ortc-le-ministre-de-linformation-suspend-la-redactrice-en-chef-et-la-directrice-de-linformation\/\">Poursuivre la lecture <span class=\"screen-reader-text\">Ortc : le ministre de l&rsquo;information suspend la redactrice en chef et la directrice de l&rsquo;information<\/span><\/a><\/p>\n<div id=\"wp-share-button-131\" class=\"wp-share-button theme20\"><span class=\"total-share \"><i class=\"total-count-text\">Total Share<\/i> <i class=\"total-count\">0<\/i> <\/span><a target=\"_blank\" href=\"mailto:?subject=Ortc%20:%20le%20ministre%20de%20l&rsquo;information%20suspend%20la%20redactrice%20en%20chef%20et%20la%20directrice%20de%20l&rsquo;information&#038;body=https:\/\/abdoumoustoifa.info\/index.php\/2020\/01\/30\/ortc-le-ministre-de-linformation-suspend-la-redactrice-en-chef-et-la-directrice-de-linformation\/\" class=\"share-button share-button-131 email\" id=\"email\" data-nonce=\"7beb67466d\">\r\n\r\n<span class=\"button-icon\">&lt;i class=&quot;far fa-envelope&quot;&gt;&lt;\/i&gt;<\/span>\r\n<span class=\"button-name\">Email<\/span>\r\n\r\n<span class=\"button-count\">0<\/span>\r\n\r\n<\/a>\r\n\r\n<a target=\"_blank\" href=\"https:\/\/www.facebook.com\/sharer\/sharer.php?u=https:\/\/abdoumoustoifa.info\/index.php\/2020\/01\/30\/ortc-le-ministre-de-linformation-suspend-la-redactrice-en-chef-et-la-directrice-de-linformation\/\" class=\"share-button share-button-131 facebook\" id=\"facebook\" data-nonce=\"7beb67466d\">\r\n\r\n<span class=\"button-icon\">&lt;i class=&quot;fab fa-facebook-f&quot;&gt;&lt;\/i&gt;<\/span>\r\n<span class=\"button-name\">Facebook<\/span>\r\n\r\n<span class=\"button-count\">0<\/span>\r\n\r\n<\/a>\r\n\r\n<a target=\"_blank\" href=\"https:\/\/twitter.com\/intent\/tweet?url=https:\/\/abdoumoustoifa.info\/index.php\/2020\/01\/30\/ortc-le-ministre-de-linformation-suspend-la-redactrice-en-chef-et-la-directrice-de-linformation\/&#038;text=Ortc%20:%20le%20ministre%20de%20l&rsquo;information%20suspend%20la%20redactrice%20en%20chef%20et%20la%20directrice%20de%20l&rsquo;information\" class=\"share-button share-button-131 twitter\" id=\"twitter\" data-nonce=\"7beb67466d\">\r\n\r\n<span class=\"button-icon\">&lt;i class=&quot;fab fa-twitter&quot;&gt;&lt;\/i&gt;<\/span>\r\n<span class=\"button-name\">Twitter<\/span>\r\n\r\n<span class=\"button-count\">0<\/span>\r\n\r\n<\/a>\r\n\r\n<a target=\"_blank\" href=\"http:\/\/www.reddit.com\/submit?title=Ortc%20:%20le%20ministre%20de%20l&rsquo;information%20suspend%20la%20redactrice%20en%20chef%20et%20la%20directrice%20de%20l&rsquo;information&#038;url=https:\/\/abdoumoustoifa.info\/index.php\/2020\/01\/30\/ortc-le-ministre-de-linformation-suspend-la-redactrice-en-chef-et-la-directrice-de-linformation\/\" class=\"share-button share-button-131 reddit\" id=\"reddit\" data-nonce=\"7beb67466d\">\r\n\r\n<span class=\"button-icon\">&lt;i class=&quot;fab fa-reddit-alien&quot;&gt;&lt;\/i&gt;<\/span>\r\n<span class=\"button-name\">Reddit<\/span>\r\n\r\n<span class=\"button-count\">0<\/span>\r\n\r\n<\/a>\r\n\r\n<a title=\"More...\" href=\"#wp-share-button-131\" class=\"share-button-more\"><span class=\"button-icon\"><i class=\"fa fa-plus\"><\/i><\/span><\/a><div class=\"wp-share-button-popup wp-share-button-popup-131\"><div class=\"popup-buttons\"><span class=\"close\">X<\/span><a target=\"_blank\" href=\"https:\/\/www.linkedin.com\/shareArticle?url=https:\/\/abdoumoustoifa.info\/index.php\/2020\/01\/30\/ortc-le-ministre-de-linformation-suspend-la-redactrice-en-chef-et-la-directrice-de-linformation\/&#038;title=Ortc%20:%20le%20ministre%20de%20l&rsquo;information%20suspend%20la%20redactrice%20en%20chef%20et%20la%20directrice%20de%20l&rsquo;information&#038;summary=&#038;source=\" class=\"share-button share-button-131 linkedin\" id=\"linkedin\">\r\n\r\n<span class=\"button-icon\"><i class=\"fab fa-linkedin-in\"><\/i><\/span>\r\n<span class=\"button-name\">Linkedin<\/span>\r\n<span class=\"button-count\">0<\/span>\t\t\t\t\r\n\r\n<\/a>\r\n<a target=\"_blank\" href=\"http:\/\/www.stumbleupon.com\/submit?url=https:\/\/abdoumoustoifa.info\/index.php\/2020\/01\/30\/ortc-le-ministre-de-linformation-suspend-la-redactrice-en-chef-et-la-directrice-de-linformation\/&#038;title=Ortc%20:%20le%20ministre%20de%20l&rsquo;information%20suspend%20la%20redactrice%20en%20chef%20et%20la%20directrice%20de%20l&rsquo;information\" class=\"share-button share-button-131 stumbleupon\" id=\"stumbleupon\">\r\n\r\n<span class=\"button-icon\"><i class=\"fab fa-stumbleupon\"><\/i><\/span>\r\n<span class=\"button-name\">Stumbleupon<\/span>\r\n<span class=\"button-count\">0<\/span>\t\t\t\t\r\n\r\n<\/a>\r\n<\/div><\/div><\/div>","protected":false},"author":1,"featured_media":0,"comment_status":"open","ping_status":"open","sticky":false,"template":"","format":"standard","meta":{"footnotes":""},"categories":[7],"tags":[],"class_list":["post-131","post","type-post","status-publish","format-standard","hentry","category-politique","entry"],"_links":{"self":[{"href":"https:\/\/abdoumoustoifa.info\/index.php\/wp-json\/wp\/v2\/posts\/131","targetHints":{"allow":["GET"]}}],"collection":[{"href":"https:\/\/abdoumoustoifa.info\/index.php\/wp-json\/wp\/v2\/posts"}],"about":[{"href":"https:\/\/abdoumoustoifa.info\/index.php\/wp-json\/wp\/v2\/types\/post"}],"author":[{"embeddable":true,"href":"https:\/\/abdoumoustoifa.info\/index.php\/wp-json\/wp\/v2\/users\/1"}],"replies":[{"embeddable":true,"href":"https:\/\/abdoumoustoifa.info\/index.php\/wp-json\/wp\/v2\/comments?post=131"}],"version-history":[{"count":0,"href":"https:\/\/abdoumoustoifa.info\/index.php\/wp-json\/wp\/v2\/posts\/131\/revisions"}],"wp:attachment":[{"href":"https:\/\/abdoumoustoifa.info\/index.php\/wp-json\/wp\/v2\/media?parent=131"}],"wp:term":[{"taxonomy":"category","embeddable":true,"href":"https:\/\/abdoumoustoifa.info\/index.php\/wp-json\/wp\/v2\/categories?post=131"},{"taxonomy":"post_tag","embeddable":true,"href":"https:\/\/abdoumoustoifa.info\/index.php\/wp-json\/wp\/v2\/tags?post=131"}],"curies":[{"name":"wp","href":"https:\/\/api.w.org\/{rel}","templated":true}]}}