{"id":230,"date":"2020-02-26T09:42:44","date_gmt":"2020-02-26T08:42:44","guid":{"rendered":"https:\/\/abdoumoustoifa.wordpress.com\/?p=230"},"modified":"2020-02-26T09:42:44","modified_gmt":"2020-02-26T08:42:44","slug":"fin-de-la-greve-a-luniversite-des-comores","status":"publish","type":"post","link":"https:\/\/abdoumoustoifa.info\/index.php\/2020\/02\/26\/fin-de-la-greve-a-luniversite-des-comores\/","title":{"rendered":"Fin de la gr\u00e8ve \u00e0 l\u2019Universit\u00e9 des Comores"},"content":{"rendered":"\n<p><em>Les enseignants refusaient de d\u00e9buter le second semestre jusqu\u2019\u00e0 ce qu\u2019ils obtiennent satisfaction de leurs dol\u00e9ances. Pour l\u2019instant le syndicat peut se consoler avec des promesses des autorit\u00e9s. M\u00eame s\u2019il se dit serein.<\/em><\/p>\n\n\n\n<figure class=\"wp-block-image size-large\"><img fetchpriority=\"high\" decoding=\"async\" width=\"750\" height=\"500\" src=\"http:\/\/abdoumoustoifa.info\/wp-content\/uploads\/2020\/02\/universite.jpg\" alt=\"\" class=\"wp-image-232\" srcset=\"https:\/\/abdoumoustoifa.info\/wp-content\/uploads\/2020\/02\/universite.jpg 750w, https:\/\/abdoumoustoifa.info\/wp-content\/uploads\/2020\/02\/universite-300x200.jpg 300w\" sizes=\"(max-width: 750px) 100vw, 750px\" \/><figcaption>Universit\u00e9 des Comores : site de Nvuni <\/figcaption><\/figure>\n\n\n\n<p><strong>Abdou Moustoifa<\/strong> <\/p>\n\n\n\n<p>Le second semestre peut enfin commencer. Les \u00e9tudiants de l\u2019universit\u00e9 des Comores peuvent d\u00e9sormais reprendre le chemin des amphith\u00e9\u00e2tres. C\u2019est la d\u00e9cision prise par les enseignants de l\u2019Udc, \u00e0 l\u2019issue de leur assembl\u00e9e g\u00e9n\u00e9rale, tenue hier mardi, 25 f\u00e9vrier \u00e0 l\u2019institut de formation et de recherches en \u00e9ducation (Ifere).<\/p>\n\n\n\n<p>Apr\u00e8s s\u2019\u00eatre entretenu \u00e0 plusieurs reprises avec l\u2019administration centrale, en vue de trouver une solution \u00e0 la crise, le syndicat national des enseignants de l\u2019universit\u00e9 des Comores (Sneuc), avait convi\u00e9 les enseignants pour faire le point sur l\u2019\u00e9volution des n\u00e9gociations. <\/p>\n\n\n\n<p>Le bureau a pr\u00e9sent\u00e9 les propositions avanc\u00e9es par les autorit\u00e9s. A la question de savoir si l\u2019on reprend les cours ou pas. Sur 41 enseignants pr\u00e9sents \u00e0 cette session de travail, 24 se sont prononc\u00e9s favorables \u00e0 une reprise. Les 17 s\u2019y sont oppos\u00e9s. Mais puisque la majorit\u00e9 a tranch\u00e9, l\u2019assistance a pris acte. Les cours sont cens\u00e9s d\u00e9buter aujourd\u2019hui mercredi.<\/p>\n\n\n\n<p><strong>Bye bye arri\u00e9r\u00e9s de salaires<\/strong> <\/p>\n\n\n\n<p>Cela fait une semaine et demi que les \u00e9tudiants attendaient ce moment. La rentr\u00e9e pour le compte du 2<sup>\u00e8me<\/sup> semestre devait avoir lieu le 10 f\u00e9vrier. Mais \u00e0 cause de la gr\u00e8ve, elle avait \u00e9t\u00e9 compromise. <\/p>\n\n\n\n<p>Avant m\u00eame l\u2019organisation des examens du premier semestre, les enseignants avaient mis sur la table quatre revendications&nbsp;: le paiement de la dette aupr\u00e8s de la caisse de retraites, l\u2019organisation des \u00e9lections des chefs de composantes et le vote du pr\u00e9sident, l\u2019int\u00e9gration des avancements.<\/p>\n\n\n\n<p>\u00a0\u00bb <em>Les autorit\u00e9s ont pris l\u2019engagement de donner une suite \u00e0 nos dol\u00e9ances. Pour le double scrutin, \u00e0 savoir le vote des doyens et l\u2019\u00e9lection du pr\u00e9sident de l\u2019universit\u00e9, ils se tiendront en juin, un mois apr\u00e8s l\u2019adoption par les nouveaux d\u00e9put\u00e9s des textes r\u00e9cemment actualis\u00e9s. D\u2019ici le mois de juillet, l\u2019administration r\u00e8glera la facture de la caisse des retraites. Les avancements, seront inclus \u00e0 partir de d\u00e9cembre 2020<\/em>\u00ab\u00a0, a \u00e9num\u00e9r\u00e9 le parton du Sneuc, Abdou Sa\u00efd Mouignidaho hier \u00e0 la sortie de l\u2019Ag.<\/p>\n\n\n\n<p><\/p>\n\n\n\n<p>Sur le paiement des salaires, les enseignants auraient re\u00e7u la promesse selon laquelle, leurs salaires seraient vers\u00e9s au m\u00eame moment que les autres services qui habituellement sont les premiers \u00e0 \u00eatre pay\u00e9s. <\/p>\n\n\n\n<p>Donc fini les arri\u00e9r\u00e9s pour les enseignants de l\u2019universit\u00e9 des Comores. Ce pacte tiendra-t-il encore&nbsp;trop longtemps ou il fera long feu et assisterons aux gr\u00e8ves&nbsp;? Le secr\u00e9taire g\u00e9n\u00e9ral du syndicat reste confiant.<\/p>\n<div id=\"wp-share-button-230\" class=\"wp-share-button theme20\"><span class=\"total-share \"><i class=\"total-count-text\">Total Share<\/i> <i class=\"total-count\">0<\/i> <\/span><a target=\"_blank\" href=\"mailto:?subject=Fin%20de%20la%20gr\u00e8ve%20\u00e0%20l\u2019Universit\u00e9%20des%20Comores&#038;body=https:\/\/abdoumoustoifa.info\/index.php\/2020\/02\/26\/fin-de-la-greve-a-luniversite-des-comores\/\" class=\"share-button share-button-230 email\" id=\"email\" data-nonce=\"8aa3d0a4e6\">\r\n\r\n<span class=\"button-icon\">&lt;i class=&quot;far fa-envelope&quot;&gt;&lt;\/i&gt;<\/span>\r\n<span class=\"button-name\">Email<\/span>\r\n\r\n<span class=\"button-count\">0<\/span>\r\n\r\n<\/a>\r\n\r\n<a target=\"_blank\" href=\"https:\/\/www.facebook.com\/sharer\/sharer.php?u=https:\/\/abdoumoustoifa.info\/index.php\/2020\/02\/26\/fin-de-la-greve-a-luniversite-des-comores\/\" class=\"share-button share-button-230 facebook\" id=\"facebook\" data-nonce=\"8aa3d0a4e6\">\r\n\r\n<span class=\"button-icon\">&lt;i class=&quot;fab fa-facebook-f&quot;&gt;&lt;\/i&gt;<\/span>\r\n<span class=\"button-name\">Facebook<\/span>\r\n\r\n<span class=\"button-count\">0<\/span>\r\n\r\n<\/a>\r\n\r\n<a target=\"_blank\" href=\"https:\/\/twitter.com\/intent\/tweet?url=https:\/\/abdoumoustoifa.info\/index.php\/2020\/02\/26\/fin-de-la-greve-a-luniversite-des-comores\/&#038;text=Fin%20de%20la%20gr\u00e8ve%20\u00e0%20l\u2019Universit\u00e9%20des%20Comores\" class=\"share-button share-button-230 twitter\" id=\"twitter\" data-nonce=\"8aa3d0a4e6\">\r\n\r\n<span class=\"button-icon\">&lt;i class=&quot;fab fa-twitter&quot;&gt;&lt;\/i&gt;<\/span>\r\n<span class=\"button-name\">Twitter<\/span>\r\n\r\n<span class=\"button-count\">0<\/span>\r\n\r\n<\/a>\r\n\r\n<a target=\"_blank\" href=\"http:\/\/www.reddit.com\/submit?title=Fin%20de%20la%20gr\u00e8ve%20\u00e0%20l\u2019Universit\u00e9%20des%20Comores&#038;url=https:\/\/abdoumoustoifa.info\/index.php\/2020\/02\/26\/fin-de-la-greve-a-luniversite-des-comores\/\" class=\"share-button share-button-230 reddit\" id=\"reddit\" data-nonce=\"8aa3d0a4e6\">\r\n\r\n<span class=\"button-icon\">&lt;i class=&quot;fab fa-reddit-alien&quot;&gt;&lt;\/i&gt;<\/span>\r\n<span class=\"button-name\">Reddit<\/span>\r\n\r\n<span class=\"button-count\">0<\/span>\r\n\r\n<\/a>\r\n\r\n<a title=\"More...\" href=\"#wp-share-button-230\" class=\"share-button-more\"><span class=\"button-icon\"><i class=\"fa fa-plus\"><\/i><\/span><\/a><div class=\"wp-share-button-popup wp-share-button-popup-230\"><div class=\"popup-buttons\"><span class=\"close\">X<\/span><a target=\"_blank\" href=\"https:\/\/www.linkedin.com\/shareArticle?url=https:\/\/abdoumoustoifa.info\/index.php\/2020\/02\/26\/fin-de-la-greve-a-luniversite-des-comores\/&#038;title=Fin%20de%20la%20gr\u00e8ve%20\u00e0%20l\u2019Universit\u00e9%20des%20Comores&#038;summary=&#038;source=\" class=\"share-button share-button-230 linkedin\" id=\"linkedin\">\r\n\r\n<span class=\"button-icon\"><i class=\"fab fa-linkedin-in\"><\/i><\/span>\r\n<span class=\"button-name\">Linkedin<\/span>\r\n<span class=\"button-count\">0<\/span>\t\t\t\t\r\n\r\n<\/a>\r\n<a target=\"_blank\" href=\"http:\/\/www.stumbleupon.com\/submit?url=https:\/\/abdoumoustoifa.info\/index.php\/2020\/02\/26\/fin-de-la-greve-a-luniversite-des-comores\/&#038;title=Fin%20de%20la%20gr\u00e8ve%20\u00e0%20l\u2019Universit\u00e9%20des%20Comores\" class=\"share-button share-button-230 stumbleupon\" id=\"stumbleupon\">\r\n\r\n<span class=\"button-icon\"><i class=\"fab fa-stumbleupon\"><\/i><\/span>\r\n<span class=\"button-name\">Stumbleupon<\/span>\r\n<span class=\"button-count\">0<\/span>\t\t\t\t\r\n\r\n<\/a>\r\n<\/div><\/div><\/div>","protected":false},"excerpt":{"rendered":"<p>Les enseignants refusaient de d\u00e9buter le second semestre jusqu\u2019\u00e0 ce qu\u2019ils obtiennent satisfaction de leurs dol\u00e9ances. Pour l\u2019instant le syndicat peut se consoler avec des promesses des autorit\u00e9s. M\u00eame s\u2019il se dit serein. Abdou Moustoifa Le second semestre peut enfin commencer. Les \u00e9tudiants de l\u2019universit\u00e9 des Comores peuvent d\u00e9sormais reprendre le chemin des amphith\u00e9\u00e2tres. C\u2019est&hellip; <a class=\"more-link\" href=\"https:\/\/abdoumoustoifa.info\/index.php\/2020\/02\/26\/fin-de-la-greve-a-luniversite-des-comores\/\">Poursuivre la lecture <span class=\"screen-reader-text\">Fin de la gr\u00e8ve \u00e0 l\u2019Universit\u00e9 des Comores<\/span><\/a><\/p>\n<div id=\"wp-share-button-230\" class=\"wp-share-button theme20\"><span class=\"total-share \"><i class=\"total-count-text\">Total Share<\/i> <i class=\"total-count\">0<\/i> <\/span><a target=\"_blank\" href=\"mailto:?subject=Fin%20de%20la%20gr\u00e8ve%20\u00e0%20l\u2019Universit\u00e9%20des%20Comores&#038;body=https:\/\/abdoumoustoifa.info\/index.php\/2020\/02\/26\/fin-de-la-greve-a-luniversite-des-comores\/\" class=\"share-button share-button-230 email\" id=\"email\" data-nonce=\"8aa3d0a4e6\">\r\n\r\n<span class=\"button-icon\">&lt;i class=&quot;far fa-envelope&quot;&gt;&lt;\/i&gt;<\/span>\r\n<span class=\"button-name\">Email<\/span>\r\n\r\n<span class=\"button-count\">0<\/span>\r\n\r\n<\/a>\r\n\r\n<a target=\"_blank\" href=\"https:\/\/www.facebook.com\/sharer\/sharer.php?u=https:\/\/abdoumoustoifa.info\/index.php\/2020\/02\/26\/fin-de-la-greve-a-luniversite-des-comores\/\" class=\"share-button share-button-230 facebook\" id=\"facebook\" data-nonce=\"8aa3d0a4e6\">\r\n\r\n<span class=\"button-icon\">&lt;i class=&quot;fab fa-facebook-f&quot;&gt;&lt;\/i&gt;<\/span>\r\n<span class=\"button-name\">Facebook<\/span>\r\n\r\n<span class=\"button-count\">0<\/span>\r\n\r\n<\/a>\r\n\r\n<a target=\"_blank\" href=\"https:\/\/twitter.com\/intent\/tweet?url=https:\/\/abdoumoustoifa.info\/index.php\/2020\/02\/26\/fin-de-la-greve-a-luniversite-des-comores\/&#038;text=Fin%20de%20la%20gr\u00e8ve%20\u00e0%20l\u2019Universit\u00e9%20des%20Comores\" class=\"share-button share-button-230 twitter\" id=\"twitter\" data-nonce=\"8aa3d0a4e6\">\r\n\r\n<span class=\"button-icon\">&lt;i class=&quot;fab fa-twitter&quot;&gt;&lt;\/i&gt;<\/span>\r\n<span class=\"button-name\">Twitter<\/span>\r\n\r\n<span class=\"button-count\">0<\/span>\r\n\r\n<\/a>\r\n\r\n<a target=\"_blank\" href=\"http:\/\/www.reddit.com\/submit?title=Fin%20de%20la%20gr\u00e8ve%20\u00e0%20l\u2019Universit\u00e9%20des%20Comores&#038;url=https:\/\/abdoumoustoifa.info\/index.php\/2020\/02\/26\/fin-de-la-greve-a-luniversite-des-comores\/\" class=\"share-button share-button-230 reddit\" id=\"reddit\" data-nonce=\"8aa3d0a4e6\">\r\n\r\n<span class=\"button-icon\">&lt;i class=&quot;fab fa-reddit-alien&quot;&gt;&lt;\/i&gt;<\/span>\r\n<span class=\"button-name\">Reddit<\/span>\r\n\r\n<span class=\"button-count\">0<\/span>\r\n\r\n<\/a>\r\n\r\n<a title=\"More...\" href=\"#wp-share-button-230\" class=\"share-button-more\"><span class=\"button-icon\"><i class=\"fa fa-plus\"><\/i><\/span><\/a><div class=\"wp-share-button-popup wp-share-button-popup-230\"><div class=\"popup-buttons\"><span class=\"close\">X<\/span><a target=\"_blank\" href=\"https:\/\/www.linkedin.com\/shareArticle?url=https:\/\/abdoumoustoifa.info\/index.php\/2020\/02\/26\/fin-de-la-greve-a-luniversite-des-comores\/&#038;title=Fin%20de%20la%20gr\u00e8ve%20\u00e0%20l\u2019Universit\u00e9%20des%20Comores&#038;summary=&#038;source=\" class=\"share-button share-button-230 linkedin\" id=\"linkedin\">\r\n\r\n<span class=\"button-icon\"><i class=\"fab fa-linkedin-in\"><\/i><\/span>\r\n<span class=\"button-name\">Linkedin<\/span>\r\n<span class=\"button-count\">0<\/span>\t\t\t\t\r\n\r\n<\/a>\r\n<a target=\"_blank\" href=\"http:\/\/www.stumbleupon.com\/submit?url=https:\/\/abdoumoustoifa.info\/index.php\/2020\/02\/26\/fin-de-la-greve-a-luniversite-des-comores\/&#038;title=Fin%20de%20la%20gr\u00e8ve%20\u00e0%20l\u2019Universit\u00e9%20des%20Comores\" class=\"share-button share-button-230 stumbleupon\" id=\"stumbleupon\">\r\n\r\n<span class=\"button-icon\"><i class=\"fab fa-stumbleupon\"><\/i><\/span>\r\n<span class=\"button-name\">Stumbleupon<\/span>\r\n<span class=\"button-count\">0<\/span>\t\t\t\t\r\n\r\n<\/a>\r\n<\/div><\/div><\/div>","protected":false},"author":1,"featured_media":0,"comment_status":"open","ping_status":"open","sticky":false,"template":"","format":"standard","meta":{"footnotes":""},"categories":[5],"tags":[],"class_list":["post-230","post","type-post","status-publish","format-standard","hentry","category-education","entry"],"_links":{"self":[{"href":"https:\/\/abdoumoustoifa.info\/index.php\/wp-json\/wp\/v2\/posts\/230","targetHints":{"allow":["GET"]}}],"collection":[{"href":"https:\/\/abdoumoustoifa.info\/index.php\/wp-json\/wp\/v2\/posts"}],"about":[{"href":"https:\/\/abdoumoustoifa.info\/index.php\/wp-json\/wp\/v2\/types\/post"}],"author":[{"embeddable":true,"href":"https:\/\/abdoumoustoifa.info\/index.php\/wp-json\/wp\/v2\/users\/1"}],"replies":[{"embeddable":true,"href":"https:\/\/abdoumoustoifa.info\/index.php\/wp-json\/wp\/v2\/comments?post=230"}],"version-history":[{"count":0,"href":"https:\/\/abdoumoustoifa.info\/index.php\/wp-json\/wp\/v2\/posts\/230\/revisions"}],"wp:attachment":[{"href":"https:\/\/abdoumoustoifa.info\/index.php\/wp-json\/wp\/v2\/media?parent=230"}],"wp:term":[{"taxonomy":"category","embeddable":true,"href":"https:\/\/abdoumoustoifa.info\/index.php\/wp-json\/wp\/v2\/categories?post=230"},{"taxonomy":"post_tag","embeddable":true,"href":"https:\/\/abdoumoustoifa.info\/index.php\/wp-json\/wp\/v2\/tags?post=230"}],"curies":[{"name":"wp","href":"https:\/\/api.w.org\/{rel}","templated":true}]}}