{"id":242,"date":"2020-02-27T08:54:43","date_gmt":"2020-02-27T07:54:43","guid":{"rendered":"https:\/\/abdoumoustoifa.wordpress.com\/?p=242"},"modified":"2020-02-27T08:54:43","modified_gmt":"2020-02-27T07:54:43","slug":"le-vote-du-president-de-luniversite-sera-t-elle-organisee-un-jour","status":"publish","type":"post","link":"https:\/\/abdoumoustoifa.info\/index.php\/2020\/02\/27\/le-vote-du-president-de-luniversite-sera-t-elle-organisee-un-jour\/","title":{"rendered":"Le vote du pr\u00e9sident de l&rsquo;universit\u00e9 sera-t-elle organis\u00e9e un jour ?"},"content":{"rendered":"\n<p><em>Depuis le mois de septembre 2018, on a jamais fix\u00e9 une date exacte &nbsp;pour l\u2019\u00e9lection du pr\u00e9sident de l\u2019Universit\u00e9 des Comores. Ce scrutin \u00e0 l\u2019origine de toutes les gr\u00e8ves observ\u00e9es ces derni\u00e8res ann\u00e9es \u00e0 l\u2019Udc est toujours renvoy\u00e9 aux calendes grecques. &nbsp;<\/em><\/p>\n\n\n\n<figure class=\"wp-block-image size-large\"><img fetchpriority=\"high\" decoding=\"async\" width=\"648\" height=\"415\" src=\"http:\/\/abdoumoustoifa.info\/wp-content\/uploads\/2020\/02\/162-99461-img-8716.okjpg_.jpg\" alt=\"\" class=\"wp-image-245\" srcset=\"https:\/\/abdoumoustoifa.info\/wp-content\/uploads\/2020\/02\/162-99461-img-8716.okjpg_.jpg 648w, https:\/\/abdoumoustoifa.info\/wp-content\/uploads\/2020\/02\/162-99461-img-8716.okjpg_-300x192.jpg 300w\" sizes=\"(max-width: 648px) 100vw, 648px\" \/><figcaption>Said Bourhane , ex pr\u00e9sident de l&rsquo;Universit\u00e9 des Comores a d\u00e9missionn\u00e9 le 10 janvier 2018.<\/figcaption><\/figure>\n\n\n\n<p><strong>Par Abdou Moustoifa <\/strong><\/p>\n\n\n\n<p>Juin 2020. C\u2019est la nouvelle date d\u00e9voil\u00e9e avant-hier mardi par le minist\u00e8re de l\u2019Education nationale pour l\u2019\u00e9lection du pr\u00e9sident de l\u2019Universit\u00e9 des Comores. Donc ce scrutin tant attendu pourrait \u00eatre organis\u00e9 d\u2019ici quatre mois. Apr\u00e8s deux semaines de gr\u00e8ve, le syndicat national des enseignants de l\u2019universit\u00e9 (Sneuc) n\u2019a d\u2019autre choix que de retenir cette date.<\/p>\n\n\n\n<p>La promesse n\u2019a rien de chim\u00e9rique. Sauf que ce n\u2019est pas la premi\u00e8re fois que l\u2019on fixe une date pour l\u2019\u00e9lection du successeur de Sa\u00efd Bourhane. Depuis l\u2019annulation du second devant opposer Achmet Sa\u00efd et Ouledi Ahmed au mois de mai  2018, aucune \u00e9ch\u00e9ance n\u2019a \u00e9t\u00e9 respect\u00e9e. Ces engagements non tenus ne datent pas d\u2019aujourd\u2019hui s\u2019agissant de l\u2019\u00e9lection du pr\u00e9sident de l\u2019Udc.<\/p>\n\n\n\n<p>Tout commence au mois de septembre 2018. Alors que l\u2019Universit\u00e9 est paralys\u00e9e par une gr\u00e8ve d\u00e9clench\u00e9e par le Sneuc qui r\u00e9clamait la tenue du second tour suspendu, par le ministre de l\u2019Education de l\u2019\u00e9poque, Salime Mohamed Abderemane, le gouvernement avait tendu la main aux syndicaliste en leur demandant d\u2019aller concocter un plan de sortie de crise.<\/p>\n\n\n\n<p><strong>Le protocole de d\u00e9cembre 2019<\/strong><\/p>\n\n\n\n<p>Apr\u00e8s l\u2019approbation de celui-ci, le Sneuc se f\u00e9licitait pour avoir obtenu la promesse selon laquelle, une \u00e9lection allait \u00eatre organis\u00e9e trois mois plus tard soit le mois de f\u00e9vrier 2019. <\/p>\n\n\n\n<p><\/p>\n\n\n\n<blockquote class=\"wp-block-quote is-layout-flow wp-block-quote-is-layout-flow\"><p>On se rappelle de cette d\u00e9claration faite par l\u2019ex Sg du Sneuc, Hassane Youssouf \u00e0 la sortie de l\u2019audience de Beit-Salam le 9 septembre 2018. <em>Une commission sera mise en place. Elle verra comment organiser l\u2019\u00e9lection d\u2019ici trois mois<\/em>\u00ab\u00a0, disait-il avec assurance. <\/p><\/blockquote>\n\n\n\n<p><\/p>\n\n\n\n<p>Quelques jours plus tard, le pr\u00e9sident de la R\u00e9publique annule \u00e0 la surprise g\u00e9n\u00e9rale le processus \u00e9lectoral en cours et met en place officiellement un comit\u00e9 int\u00e9rimaire de gestion pour diriger l\u2019institution. Cette telle d\u00e9cision a enterr\u00e9 les acquis du vote organis\u00e9 au mois de mai. Donc retour \u00e0 la case d\u00e9part. Un \u00e9chec pour le Sneuc qui avait multipli\u00e9 les actions pour r\u00e9clamer l\u2019\u00e9lection du pr\u00e9sident&nbsp;: refus de valider les examens de la deuxi\u00e8me session, boycott des concours d\u2019entr\u00e9e \u00e0 l\u2019Universit\u00e9, gr\u00e8ve.<\/p>\n\n\n\n<p>Depuis la nomination d\u2019Abdullah Ben Said au poste d\u2019administrateur provisoire le 14 f\u00e9vrier 2019 jusqu\u2019\u00e0 aujourd\u2019hui, soit un an et 12 jours, les enseignants n\u2019ont jamais r\u00e9ussi \u00e0 arracher une date pour \u00e9lire leur chef. &nbsp;Faut-il rappeler que l\u2019\u00e9lection du pr\u00e9sident de l\u2019Udc, ne n\u00e9cessitait pas une r\u00e9forme imminente des textes&nbsp;? Rappelons que lors de la signature du protocole d\u2019accord du mois de d\u00e9cembre 2019, les autorit\u00e9s avaient promis d\u2019organiser \u00e0 la fois les \u00e9lections des chefs de composante et du pr\u00e9sident dans les meilleurs d\u00e9lais. Sans pour autant donner des pr\u00e9cisions. <\/p>\n\n\n\n<p><\/p>\n\n\n\n<p>Absence de disponibilit\u00e9 de la part des autorit\u00e9s ou volont\u00e9 de faire fi des textes&nbsp;dans le but de maintenir la transition encore plus longtemps&nbsp;? &nbsp;Attendons jusqu\u2019au mois de juin.<\/p>\n<div id=\"wp-share-button-242\" class=\"wp-share-button theme20\"><span class=\"total-share \"><i class=\"total-count-text\">Total Share<\/i> <i class=\"total-count\">0<\/i> <\/span><a target=\"_blank\" href=\"mailto:?subject=Le%20vote%20du%20pr\u00e9sident%20de%20l&rsquo;universit\u00e9%20sera-t-elle%20organis\u00e9e%20un%20jour%20?&#038;body=https:\/\/abdoumoustoifa.info\/index.php\/2020\/02\/27\/le-vote-du-president-de-luniversite-sera-t-elle-organisee-un-jour\/\" class=\"share-button share-button-242 email\" id=\"email\" data-nonce=\"8aa3d0a4e6\">\r\n\r\n<span class=\"button-icon\">&lt;i class=&quot;far fa-envelope&quot;&gt;&lt;\/i&gt;<\/span>\r\n<span class=\"button-name\">Email<\/span>\r\n\r\n<span class=\"button-count\">0<\/span>\r\n\r\n<\/a>\r\n\r\n<a target=\"_blank\" href=\"https:\/\/www.facebook.com\/sharer\/sharer.php?u=https:\/\/abdoumoustoifa.info\/index.php\/2020\/02\/27\/le-vote-du-president-de-luniversite-sera-t-elle-organisee-un-jour\/\" class=\"share-button share-button-242 facebook\" id=\"facebook\" data-nonce=\"8aa3d0a4e6\">\r\n\r\n<span class=\"button-icon\">&lt;i class=&quot;fab fa-facebook-f&quot;&gt;&lt;\/i&gt;<\/span>\r\n<span class=\"button-name\">Facebook<\/span>\r\n\r\n<span class=\"button-count\">0<\/span>\r\n\r\n<\/a>\r\n\r\n<a target=\"_blank\" href=\"https:\/\/twitter.com\/intent\/tweet?url=https:\/\/abdoumoustoifa.info\/index.php\/2020\/02\/27\/le-vote-du-president-de-luniversite-sera-t-elle-organisee-un-jour\/&#038;text=Le%20vote%20du%20pr\u00e9sident%20de%20l&rsquo;universit\u00e9%20sera-t-elle%20organis\u00e9e%20un%20jour%20?\" class=\"share-button share-button-242 twitter\" id=\"twitter\" data-nonce=\"8aa3d0a4e6\">\r\n\r\n<span class=\"button-icon\">&lt;i class=&quot;fab fa-twitter&quot;&gt;&lt;\/i&gt;<\/span>\r\n<span class=\"button-name\">Twitter<\/span>\r\n\r\n<span class=\"button-count\">0<\/span>\r\n\r\n<\/a>\r\n\r\n<a target=\"_blank\" href=\"http:\/\/www.reddit.com\/submit?title=Le%20vote%20du%20pr\u00e9sident%20de%20l&rsquo;universit\u00e9%20sera-t-elle%20organis\u00e9e%20un%20jour%20?&#038;url=https:\/\/abdoumoustoifa.info\/index.php\/2020\/02\/27\/le-vote-du-president-de-luniversite-sera-t-elle-organisee-un-jour\/\" class=\"share-button share-button-242 reddit\" id=\"reddit\" data-nonce=\"8aa3d0a4e6\">\r\n\r\n<span class=\"button-icon\">&lt;i class=&quot;fab fa-reddit-alien&quot;&gt;&lt;\/i&gt;<\/span>\r\n<span class=\"button-name\">Reddit<\/span>\r\n\r\n<span class=\"button-count\">0<\/span>\r\n\r\n<\/a>\r\n\r\n<a title=\"More...\" href=\"#wp-share-button-242\" class=\"share-button-more\"><span class=\"button-icon\"><i class=\"fa fa-plus\"><\/i><\/span><\/a><div class=\"wp-share-button-popup wp-share-button-popup-242\"><div class=\"popup-buttons\"><span class=\"close\">X<\/span><a target=\"_blank\" href=\"https:\/\/www.linkedin.com\/shareArticle?url=https:\/\/abdoumoustoifa.info\/index.php\/2020\/02\/27\/le-vote-du-president-de-luniversite-sera-t-elle-organisee-un-jour\/&#038;title=Le%20vote%20du%20pr\u00e9sident%20de%20l&rsquo;universit\u00e9%20sera-t-elle%20organis\u00e9e%20un%20jour%20?&#038;summary=&#038;source=\" class=\"share-button share-button-242 linkedin\" id=\"linkedin\">\r\n\r\n<span class=\"button-icon\"><i class=\"fab fa-linkedin-in\"><\/i><\/span>\r\n<span class=\"button-name\">Linkedin<\/span>\r\n<span class=\"button-count\">0<\/span>\t\t\t\t\r\n\r\n<\/a>\r\n<a target=\"_blank\" href=\"http:\/\/www.stumbleupon.com\/submit?url=https:\/\/abdoumoustoifa.info\/index.php\/2020\/02\/27\/le-vote-du-president-de-luniversite-sera-t-elle-organisee-un-jour\/&#038;title=Le%20vote%20du%20pr\u00e9sident%20de%20l&rsquo;universit\u00e9%20sera-t-elle%20organis\u00e9e%20un%20jour%20?\" class=\"share-button share-button-242 stumbleupon\" id=\"stumbleupon\">\r\n\r\n<span class=\"button-icon\"><i class=\"fab fa-stumbleupon\"><\/i><\/span>\r\n<span class=\"button-name\">Stumbleupon<\/span>\r\n<span class=\"button-count\">0<\/span>\t\t\t\t\r\n\r\n<\/a>\r\n<\/div><\/div><\/div>","protected":false},"excerpt":{"rendered":"<p>Depuis le mois de septembre 2018, on a jamais fix\u00e9 une date exacte &nbsp;pour l\u2019\u00e9lection du pr\u00e9sident de l\u2019Universit\u00e9 des Comores. Ce scrutin \u00e0 l\u2019origine de toutes les gr\u00e8ves observ\u00e9es ces derni\u00e8res ann\u00e9es \u00e0 l\u2019Udc est toujours renvoy\u00e9 aux calendes grecques. &nbsp; Par Abdou Moustoifa Juin 2020. C\u2019est la nouvelle date d\u00e9voil\u00e9e avant-hier mardi par&hellip; <a class=\"more-link\" href=\"https:\/\/abdoumoustoifa.info\/index.php\/2020\/02\/27\/le-vote-du-president-de-luniversite-sera-t-elle-organisee-un-jour\/\">Poursuivre la lecture <span class=\"screen-reader-text\">Le vote du pr\u00e9sident de l&rsquo;universit\u00e9 sera-t-elle organis\u00e9e un jour ?<\/span><\/a><\/p>\n<div id=\"wp-share-button-242\" class=\"wp-share-button theme20\"><span class=\"total-share \"><i class=\"total-count-text\">Total Share<\/i> <i class=\"total-count\">0<\/i> <\/span><a target=\"_blank\" href=\"mailto:?subject=Le%20vote%20du%20pr\u00e9sident%20de%20l&rsquo;universit\u00e9%20sera-t-elle%20organis\u00e9e%20un%20jour%20?&#038;body=https:\/\/abdoumoustoifa.info\/index.php\/2020\/02\/27\/le-vote-du-president-de-luniversite-sera-t-elle-organisee-un-jour\/\" class=\"share-button share-button-242 email\" id=\"email\" data-nonce=\"8aa3d0a4e6\">\r\n\r\n<span class=\"button-icon\">&lt;i class=&quot;far fa-envelope&quot;&gt;&lt;\/i&gt;<\/span>\r\n<span class=\"button-name\">Email<\/span>\r\n\r\n<span class=\"button-count\">0<\/span>\r\n\r\n<\/a>\r\n\r\n<a target=\"_blank\" href=\"https:\/\/www.facebook.com\/sharer\/sharer.php?u=https:\/\/abdoumoustoifa.info\/index.php\/2020\/02\/27\/le-vote-du-president-de-luniversite-sera-t-elle-organisee-un-jour\/\" class=\"share-button share-button-242 facebook\" id=\"facebook\" data-nonce=\"8aa3d0a4e6\">\r\n\r\n<span class=\"button-icon\">&lt;i class=&quot;fab fa-facebook-f&quot;&gt;&lt;\/i&gt;<\/span>\r\n<span class=\"button-name\">Facebook<\/span>\r\n\r\n<span class=\"button-count\">0<\/span>\r\n\r\n<\/a>\r\n\r\n<a target=\"_blank\" href=\"https:\/\/twitter.com\/intent\/tweet?url=https:\/\/abdoumoustoifa.info\/index.php\/2020\/02\/27\/le-vote-du-president-de-luniversite-sera-t-elle-organisee-un-jour\/&#038;text=Le%20vote%20du%20pr\u00e9sident%20de%20l&rsquo;universit\u00e9%20sera-t-elle%20organis\u00e9e%20un%20jour%20?\" class=\"share-button share-button-242 twitter\" id=\"twitter\" data-nonce=\"8aa3d0a4e6\">\r\n\r\n<span class=\"button-icon\">&lt;i class=&quot;fab fa-twitter&quot;&gt;&lt;\/i&gt;<\/span>\r\n<span class=\"button-name\">Twitter<\/span>\r\n\r\n<span class=\"button-count\">0<\/span>\r\n\r\n<\/a>\r\n\r\n<a target=\"_blank\" href=\"http:\/\/www.reddit.com\/submit?title=Le%20vote%20du%20pr\u00e9sident%20de%20l&rsquo;universit\u00e9%20sera-t-elle%20organis\u00e9e%20un%20jour%20?&#038;url=https:\/\/abdoumoustoifa.info\/index.php\/2020\/02\/27\/le-vote-du-president-de-luniversite-sera-t-elle-organisee-un-jour\/\" class=\"share-button share-button-242 reddit\" id=\"reddit\" data-nonce=\"8aa3d0a4e6\">\r\n\r\n<span class=\"button-icon\">&lt;i class=&quot;fab fa-reddit-alien&quot;&gt;&lt;\/i&gt;<\/span>\r\n<span class=\"button-name\">Reddit<\/span>\r\n\r\n<span class=\"button-count\">0<\/span>\r\n\r\n<\/a>\r\n\r\n<a title=\"More...\" href=\"#wp-share-button-242\" class=\"share-button-more\"><span class=\"button-icon\"><i class=\"fa fa-plus\"><\/i><\/span><\/a><div class=\"wp-share-button-popup wp-share-button-popup-242\"><div class=\"popup-buttons\"><span class=\"close\">X<\/span><a target=\"_blank\" href=\"https:\/\/www.linkedin.com\/shareArticle?url=https:\/\/abdoumoustoifa.info\/index.php\/2020\/02\/27\/le-vote-du-president-de-luniversite-sera-t-elle-organisee-un-jour\/&#038;title=Le%20vote%20du%20pr\u00e9sident%20de%20l&rsquo;universit\u00e9%20sera-t-elle%20organis\u00e9e%20un%20jour%20?&#038;summary=&#038;source=\" class=\"share-button share-button-242 linkedin\" id=\"linkedin\">\r\n\r\n<span class=\"button-icon\"><i class=\"fab fa-linkedin-in\"><\/i><\/span>\r\n<span class=\"button-name\">Linkedin<\/span>\r\n<span class=\"button-count\">0<\/span>\t\t\t\t\r\n\r\n<\/a>\r\n<a target=\"_blank\" href=\"http:\/\/www.stumbleupon.com\/submit?url=https:\/\/abdoumoustoifa.info\/index.php\/2020\/02\/27\/le-vote-du-president-de-luniversite-sera-t-elle-organisee-un-jour\/&#038;title=Le%20vote%20du%20pr\u00e9sident%20de%20l&rsquo;universit\u00e9%20sera-t-elle%20organis\u00e9e%20un%20jour%20?\" class=\"share-button share-button-242 stumbleupon\" id=\"stumbleupon\">\r\n\r\n<span class=\"button-icon\"><i class=\"fab fa-stumbleupon\"><\/i><\/span>\r\n<span class=\"button-name\">Stumbleupon<\/span>\r\n<span class=\"button-count\">0<\/span>\t\t\t\t\r\n\r\n<\/a>\r\n<\/div><\/div><\/div>","protected":false},"author":1,"featured_media":0,"comment_status":"open","ping_status":"open","sticky":false,"template":"","format":"standard","meta":{"footnotes":""},"categories":[5],"tags":[],"class_list":["post-242","post","type-post","status-publish","format-standard","hentry","category-education","entry"],"_links":{"self":[{"href":"https:\/\/abdoumoustoifa.info\/index.php\/wp-json\/wp\/v2\/posts\/242","targetHints":{"allow":["GET"]}}],"collection":[{"href":"https:\/\/abdoumoustoifa.info\/index.php\/wp-json\/wp\/v2\/posts"}],"about":[{"href":"https:\/\/abdoumoustoifa.info\/index.php\/wp-json\/wp\/v2\/types\/post"}],"author":[{"embeddable":true,"href":"https:\/\/abdoumoustoifa.info\/index.php\/wp-json\/wp\/v2\/users\/1"}],"replies":[{"embeddable":true,"href":"https:\/\/abdoumoustoifa.info\/index.php\/wp-json\/wp\/v2\/comments?post=242"}],"version-history":[{"count":0,"href":"https:\/\/abdoumoustoifa.info\/index.php\/wp-json\/wp\/v2\/posts\/242\/revisions"}],"wp:attachment":[{"href":"https:\/\/abdoumoustoifa.info\/index.php\/wp-json\/wp\/v2\/media?parent=242"}],"wp:term":[{"taxonomy":"category","embeddable":true,"href":"https:\/\/abdoumoustoifa.info\/index.php\/wp-json\/wp\/v2\/categories?post=242"},{"taxonomy":"post_tag","embeddable":true,"href":"https:\/\/abdoumoustoifa.info\/index.php\/wp-json\/wp\/v2\/tags?post=242"}],"curies":[{"name":"wp","href":"https:\/\/api.w.org\/{rel}","templated":true}]}}