{"id":275,"date":"2020-03-10T08:16:14","date_gmt":"2020-03-10T07:16:14","guid":{"rendered":"https:\/\/abdoumoustoifa.wordpress.com\/?p=275"},"modified":"2021-01-11T21:05:31","modified_gmt":"2021-01-11T20:05:31","slug":"tribunal-mwali-des-avocats-ont-prete-serment-avec-laval-du-ministre-de-la-justice","status":"publish","type":"post","link":"https:\/\/abdoumoustoifa.info\/index.php\/2020\/03\/10\/tribunal-mwali-des-avocats-ont-prete-serment-avec-laval-du-ministre-de-la-justice\/","title":{"rendered":"Tribunal Mwali\u00a0:  Des avocats ont pr\u00eat\u00e9 serment avec l\u2019aval du ministre de la justice"},"content":{"rendered":"\n<p><em>A part l\u2019obtention du Capa, pour \u00eatre avocat stagiaire, il faut soit \u00eatre docteur en droit ayant exerc\u00e9 pendant trois ans, soit jouir le statut d\u2019ancien magistrat qui a une exp\u00e9rience effective de 5 ans. <\/em><\/p>\n\n\n\n<figure class=\"wp-block-image size-large\"><img fetchpriority=\"high\" decoding=\"async\" width=\"1181\" height=\"1241\" src=\"http:\/\/abdoumoustoifa.info\/wp-content\/uploads\/2020\/03\/justice.jpg?w=974\" alt=\"\" class=\"wp-image-277\" srcset=\"https:\/\/abdoumoustoifa.info\/wp-content\/uploads\/2020\/03\/justice.jpg 1181w, https:\/\/abdoumoustoifa.info\/wp-content\/uploads\/2020\/03\/justice-285x300.jpg 285w, https:\/\/abdoumoustoifa.info\/wp-content\/uploads\/2020\/03\/justice-974x1024.jpg 974w, https:\/\/abdoumoustoifa.info\/wp-content\/uploads\/2020\/03\/justice-768x807.jpg 768w\" sizes=\"(max-width: 1181px) 100vw, 1181px\" \/><figcaption>Le ministre de la justice Monsieur MOHAMED HOUSSEINI DJAMALILAIL<\/figcaption><\/figure>\n\n\n\n<p>Publi\u00e9 le mardi 2020 10 \u00e0 10h<\/p>\n\n\n\n<p><strong>Abdou Moustoifa<\/strong><\/p>\n\n\n\n<p>Encore une histoire de prestation de serment pour des avocats qui auraient fi de la loi. Cette-fois-ci, ce n\u2019est pas le conseil de l\u2019ordre du barreau de Moroni qui est sur la sellette. Tout se serait pass\u00e9 \u00e0 Mwali il y a un bout de temps. <\/p>\n\n\n\n<p>Voulant combler le manque d\u2019avocats qui se fait ressentir tous les jours, dans l\u2019\u00eele, le ministre la Justice, Mohamed Housseine Djamalilail a autoris\u00e9 \u00e0 quatre personnes de pr\u00eater serment pour devenir avocat stagiaire. <\/p>\n\n\n\n<p>Au total 4 personnes ont b\u00e9n\u00e9fici\u00e9 de cette br\u00e8che. Jusque-l\u00e0, on se pose la question suivante&nbsp;: Le ministre avait-il le droit de proc\u00e9der de la sorte&nbsp;? Le garde des sceaux qui a pr\u00e9f\u00e9r\u00e9 nous raccrocher au nez sans que notre entretien t\u00e9l\u00e9phonique d\u2019hier ne se termine a justifi\u00e9 sa d\u00e9cision par l\u2019absence d\u2019un barreau \u00e0 Mwali. <\/p>\n\n\n\n<p> \u00a0\u00bb <em>En attendant que l\u2019on atteigne le nombre de 6 avocats pour former le barreau<\/em>\u00ab\u00a0, ajoutait le ministre qui assure que c\u2019est une pr\u00e9rogative que lui r\u00e9serve la loi. Lorsque nous lui avons demand\u00e9 plus de pr\u00e9cisions sur la loi dont il faisait allusion, l\u2019air g\u00ean\u00e9 il s\u2019est emport\u00e9 en l\u00e2chant un \u00a0\u00bb <em>Je ne suis pas un professeur<\/em>\u00a0\u00bb avant d\u2019interrompre l\u2019appel sans pr\u00e9venir.<\/p>\n\n\n\n<p><strong>Violation de la loi<\/strong><\/p>\n\n\n\n<p>Selon la loi N\u00b008 portant organisation de la profession d\u2019avocat en union des Comores, dans son article 14, pour acc\u00e9der \u00e0 la profession il faut d\u00e9tenir le certificat d\u2019aptitude \u00e0 la profession d\u2019avocat (Capa). <\/p>\n\n\n\n<p>L\u2019organisation de l\u2019examen en vue d\u2019obtenir le Capa, est fix\u00e9e par arr\u00eat\u00e9 du ministre en charge de la justice, garde des sceaux pris sur proposition du conseil de l\u2019ordre. Les laur\u00e9ats qui doivent avoir un master en droit avant de s&rsquo;inscrire jouiront du statut d\u2019avocat stagiaire. &nbsp;<\/p>\n\n\n\n<p>Le dernier concours pour le Capa, remonte en 2014. Pourquoi le ministre ne se charge pas d\u2019organiser cet examen apr\u00e8s avoir constat\u00e9 l\u2019absence d\u2019avocats \u00e0 Mwali&nbsp;? Peuvent \u00eatre avocat, ajoute l\u2019article 17 de cette m\u00eame loi qui r\u00e9git le corps des avocats, les titulaires d\u2019un dipl\u00f4me de doctorat en droit ayant exerc\u00e9 pendant trois ans. <\/p>\n\n\n\n<p><\/p>\n\n\n\n<p>Ceux-ci sont exempt\u00e9s de l\u2019examen d\u2019entr\u00e9e au barreau. Ils n\u2019ont pas besoin non plus de stage pour demander leur inscription au tableau de l\u2019ordre. Troisi\u00e8me crit\u00e8re permettant de devenir avocat sans passer par l\u2019examen du Capa, ni de stage&nbsp;: \u00catre un ancien magistrat des cours et tribunaux ayant exerc\u00e9 au moins 5 ans et au plus dix ans d\u2019exercice effectif \u00e0 en croire l\u2019article 25. <\/p>\n\n\n\n<p>Est-ce le cas pour ces nouveaux avocats stagiaires jouissent du statut d\u2019avocats stagiaires depuis un an&nbsp;? &nbsp;Le premier pr\u00e9sident de la cour d\u2019appel de Mwali Hamidou Mohamed Ali, qui a eu son mot \u00e0 dire sur ces dossiers affirme que tous les quatre r\u00e9pondaient aux crit\u00e8res. <\/p>\n\n\n\n<p>Avant d\u2019insister sur l\u2019argument selon lequel \u00a0\u00bb il n\u2019existe pas un barreau \u00e0 Mwali\u00a0\u00bb. Ce qui est s\u00fbr aucun d\u2019entre eux n\u2019a \u00e9t\u00e9 magistrat. Deux d\u2019entre eux poss\u00e8dent des masters selon nos enqu\u00eates.&nbsp; Le ministre de la justice s\u2019est-il donc arrog\u00e9 des pouvoirs qui ne sont pas les siens&nbsp;? Pour un avocat de la place, le ministre Mohamed Housseine Djamalilail, n\u2019avait pas le droit d\u2019autoriser des prestations de serment sous pr\u00e9texte d\u2019une absence de barreau \u00e0 Mwali. Il n\u2019aurait qu\u2019\u00e0 organiser l\u2019examen du Capa.<\/p>\n<div id=\"wp-share-button-275\" class=\"wp-share-button theme20\"><span class=\"total-share \"><i class=\"total-count-text\">Total Share<\/i> <i class=\"total-count\">0<\/i> <\/span><a target=\"_blank\" href=\"mailto:?subject=Tribunal%20Mwali\u00a0:%20%20Des%20avocats%20ont%20pr\u00eat\u00e9%20serment%20avec%20l\u2019aval%20du%20ministre%20de%20la%20justice&#038;body=https:\/\/abdoumoustoifa.info\/index.php\/2020\/03\/10\/tribunal-mwali-des-avocats-ont-prete-serment-avec-laval-du-ministre-de-la-justice\/\" class=\"share-button share-button-275 email\" id=\"email\" data-nonce=\"7beb67466d\">\r\n\r\n<span class=\"button-icon\">&lt;i class=&quot;far fa-envelope&quot;&gt;&lt;\/i&gt;<\/span>\r\n<span class=\"button-name\">Email<\/span>\r\n\r\n<span class=\"button-count\">0<\/span>\r\n\r\n<\/a>\r\n\r\n<a target=\"_blank\" href=\"https:\/\/www.facebook.com\/sharer\/sharer.php?u=https:\/\/abdoumoustoifa.info\/index.php\/2020\/03\/10\/tribunal-mwali-des-avocats-ont-prete-serment-avec-laval-du-ministre-de-la-justice\/\" class=\"share-button share-button-275 facebook\" id=\"facebook\" data-nonce=\"7beb67466d\">\r\n\r\n<span class=\"button-icon\">&lt;i class=&quot;fab fa-facebook-f&quot;&gt;&lt;\/i&gt;<\/span>\r\n<span class=\"button-name\">Facebook<\/span>\r\n\r\n<span class=\"button-count\">0<\/span>\r\n\r\n<\/a>\r\n\r\n<a target=\"_blank\" href=\"https:\/\/twitter.com\/intent\/tweet?url=https:\/\/abdoumoustoifa.info\/index.php\/2020\/03\/10\/tribunal-mwali-des-avocats-ont-prete-serment-avec-laval-du-ministre-de-la-justice\/&#038;text=Tribunal%20Mwali\u00a0:%20%20Des%20avocats%20ont%20pr\u00eat\u00e9%20serment%20avec%20l\u2019aval%20du%20ministre%20de%20la%20justice\" class=\"share-button share-button-275 twitter\" id=\"twitter\" data-nonce=\"7beb67466d\">\r\n\r\n<span class=\"button-icon\">&lt;i class=&quot;fab fa-twitter&quot;&gt;&lt;\/i&gt;<\/span>\r\n<span class=\"button-name\">Twitter<\/span>\r\n\r\n<span class=\"button-count\">0<\/span>\r\n\r\n<\/a>\r\n\r\n<a target=\"_blank\" href=\"http:\/\/www.reddit.com\/submit?title=Tribunal%20Mwali\u00a0:%20%20Des%20avocats%20ont%20pr\u00eat\u00e9%20serment%20avec%20l\u2019aval%20du%20ministre%20de%20la%20justice&#038;url=https:\/\/abdoumoustoifa.info\/index.php\/2020\/03\/10\/tribunal-mwali-des-avocats-ont-prete-serment-avec-laval-du-ministre-de-la-justice\/\" class=\"share-button share-button-275 reddit\" id=\"reddit\" data-nonce=\"7beb67466d\">\r\n\r\n<span class=\"button-icon\">&lt;i class=&quot;fab fa-reddit-alien&quot;&gt;&lt;\/i&gt;<\/span>\r\n<span class=\"button-name\">Reddit<\/span>\r\n\r\n<span class=\"button-count\">0<\/span>\r\n\r\n<\/a>\r\n\r\n<a title=\"More...\" href=\"#wp-share-button-275\" class=\"share-button-more\"><span class=\"button-icon\"><i class=\"fa fa-plus\"><\/i><\/span><\/a><div class=\"wp-share-button-popup wp-share-button-popup-275\"><div class=\"popup-buttons\"><span class=\"close\">X<\/span><a target=\"_blank\" href=\"https:\/\/www.linkedin.com\/shareArticle?url=https:\/\/abdoumoustoifa.info\/index.php\/2020\/03\/10\/tribunal-mwali-des-avocats-ont-prete-serment-avec-laval-du-ministre-de-la-justice\/&#038;title=Tribunal%20Mwali\u00a0:%20%20Des%20avocats%20ont%20pr\u00eat\u00e9%20serment%20avec%20l\u2019aval%20du%20ministre%20de%20la%20justice&#038;summary=&#038;source=\" class=\"share-button share-button-275 linkedin\" id=\"linkedin\">\r\n\r\n<span class=\"button-icon\"><i class=\"fab fa-linkedin-in\"><\/i><\/span>\r\n<span class=\"button-name\">Linkedin<\/span>\r\n<span class=\"button-count\">0<\/span>\t\t\t\t\r\n\r\n<\/a>\r\n<a target=\"_blank\" href=\"http:\/\/www.stumbleupon.com\/submit?url=https:\/\/abdoumoustoifa.info\/index.php\/2020\/03\/10\/tribunal-mwali-des-avocats-ont-prete-serment-avec-laval-du-ministre-de-la-justice\/&#038;title=Tribunal%20Mwali\u00a0:%20%20Des%20avocats%20ont%20pr\u00eat\u00e9%20serment%20avec%20l\u2019aval%20du%20ministre%20de%20la%20justice\" class=\"share-button share-button-275 stumbleupon\" id=\"stumbleupon\">\r\n\r\n<span class=\"button-icon\"><i class=\"fab fa-stumbleupon\"><\/i><\/span>\r\n<span class=\"button-name\">Stumbleupon<\/span>\r\n<span class=\"button-count\">0<\/span>\t\t\t\t\r\n\r\n<\/a>\r\n<\/div><\/div><\/div>","protected":false},"excerpt":{"rendered":"<p>A part l\u2019obtention du Capa, pour \u00eatre avocat stagiaire, il faut soit \u00eatre docteur en droit ayant exerc\u00e9 pendant trois ans, soit jouir le statut d\u2019ancien magistrat qui a une exp\u00e9rience effective de 5 ans. Publi\u00e9 le mardi 2020 10 \u00e0 10h Abdou Moustoifa Encore une histoire de prestation de serment pour des avocats qui&hellip; <a class=\"more-link\" href=\"https:\/\/abdoumoustoifa.info\/index.php\/2020\/03\/10\/tribunal-mwali-des-avocats-ont-prete-serment-avec-laval-du-ministre-de-la-justice\/\">Poursuivre la lecture <span class=\"screen-reader-text\">Tribunal Mwali\u00a0:  Des avocats ont pr\u00eat\u00e9 serment avec l\u2019aval du ministre de la justice<\/span><\/a><\/p>\n<div id=\"wp-share-button-275\" class=\"wp-share-button theme20\"><span class=\"total-share \"><i class=\"total-count-text\">Total Share<\/i> <i class=\"total-count\">0<\/i> <\/span><a target=\"_blank\" href=\"mailto:?subject=Tribunal%20Mwali\u00a0:%20%20Des%20avocats%20ont%20pr\u00eat\u00e9%20serment%20avec%20l\u2019aval%20du%20ministre%20de%20la%20justice&#038;body=https:\/\/abdoumoustoifa.info\/index.php\/2020\/03\/10\/tribunal-mwali-des-avocats-ont-prete-serment-avec-laval-du-ministre-de-la-justice\/\" class=\"share-button share-button-275 email\" id=\"email\" data-nonce=\"7beb67466d\">\r\n\r\n<span class=\"button-icon\">&lt;i class=&quot;far fa-envelope&quot;&gt;&lt;\/i&gt;<\/span>\r\n<span class=\"button-name\">Email<\/span>\r\n\r\n<span class=\"button-count\">0<\/span>\r\n\r\n<\/a>\r\n\r\n<a target=\"_blank\" href=\"https:\/\/www.facebook.com\/sharer\/sharer.php?u=https:\/\/abdoumoustoifa.info\/index.php\/2020\/03\/10\/tribunal-mwali-des-avocats-ont-prete-serment-avec-laval-du-ministre-de-la-justice\/\" class=\"share-button share-button-275 facebook\" id=\"facebook\" data-nonce=\"7beb67466d\">\r\n\r\n<span class=\"button-icon\">&lt;i class=&quot;fab fa-facebook-f&quot;&gt;&lt;\/i&gt;<\/span>\r\n<span class=\"button-name\">Facebook<\/span>\r\n\r\n<span class=\"button-count\">0<\/span>\r\n\r\n<\/a>\r\n\r\n<a target=\"_blank\" href=\"https:\/\/twitter.com\/intent\/tweet?url=https:\/\/abdoumoustoifa.info\/index.php\/2020\/03\/10\/tribunal-mwali-des-avocats-ont-prete-serment-avec-laval-du-ministre-de-la-justice\/&#038;text=Tribunal%20Mwali\u00a0:%20%20Des%20avocats%20ont%20pr\u00eat\u00e9%20serment%20avec%20l\u2019aval%20du%20ministre%20de%20la%20justice\" class=\"share-button share-button-275 twitter\" id=\"twitter\" data-nonce=\"7beb67466d\">\r\n\r\n<span class=\"button-icon\">&lt;i class=&quot;fab fa-twitter&quot;&gt;&lt;\/i&gt;<\/span>\r\n<span class=\"button-name\">Twitter<\/span>\r\n\r\n<span class=\"button-count\">0<\/span>\r\n\r\n<\/a>\r\n\r\n<a target=\"_blank\" href=\"http:\/\/www.reddit.com\/submit?title=Tribunal%20Mwali\u00a0:%20%20Des%20avocats%20ont%20pr\u00eat\u00e9%20serment%20avec%20l\u2019aval%20du%20ministre%20de%20la%20justice&#038;url=https:\/\/abdoumoustoifa.info\/index.php\/2020\/03\/10\/tribunal-mwali-des-avocats-ont-prete-serment-avec-laval-du-ministre-de-la-justice\/\" class=\"share-button share-button-275 reddit\" id=\"reddit\" data-nonce=\"7beb67466d\">\r\n\r\n<span class=\"button-icon\">&lt;i class=&quot;fab fa-reddit-alien&quot;&gt;&lt;\/i&gt;<\/span>\r\n<span class=\"button-name\">Reddit<\/span>\r\n\r\n<span class=\"button-count\">0<\/span>\r\n\r\n<\/a>\r\n\r\n<a title=\"More...\" href=\"#wp-share-button-275\" class=\"share-button-more\"><span class=\"button-icon\"><i class=\"fa fa-plus\"><\/i><\/span><\/a><div class=\"wp-share-button-popup wp-share-button-popup-275\"><div class=\"popup-buttons\"><span class=\"close\">X<\/span><a target=\"_blank\" href=\"https:\/\/www.linkedin.com\/shareArticle?url=https:\/\/abdoumoustoifa.info\/index.php\/2020\/03\/10\/tribunal-mwali-des-avocats-ont-prete-serment-avec-laval-du-ministre-de-la-justice\/&#038;title=Tribunal%20Mwali\u00a0:%20%20Des%20avocats%20ont%20pr\u00eat\u00e9%20serment%20avec%20l\u2019aval%20du%20ministre%20de%20la%20justice&#038;summary=&#038;source=\" class=\"share-button share-button-275 linkedin\" id=\"linkedin\">\r\n\r\n<span class=\"button-icon\"><i class=\"fab fa-linkedin-in\"><\/i><\/span>\r\n<span class=\"button-name\">Linkedin<\/span>\r\n<span class=\"button-count\">0<\/span>\t\t\t\t\r\n\r\n<\/a>\r\n<a target=\"_blank\" href=\"http:\/\/www.stumbleupon.com\/submit?url=https:\/\/abdoumoustoifa.info\/index.php\/2020\/03\/10\/tribunal-mwali-des-avocats-ont-prete-serment-avec-laval-du-ministre-de-la-justice\/&#038;title=Tribunal%20Mwali\u00a0:%20%20Des%20avocats%20ont%20pr\u00eat\u00e9%20serment%20avec%20l\u2019aval%20du%20ministre%20de%20la%20justice\" class=\"share-button share-button-275 stumbleupon\" id=\"stumbleupon\">\r\n\r\n<span class=\"button-icon\"><i class=\"fab fa-stumbleupon\"><\/i><\/span>\r\n<span class=\"button-name\">Stumbleupon<\/span>\r\n<span class=\"button-count\">0<\/span>\t\t\t\t\r\n\r\n<\/a>\r\n<\/div><\/div><\/div>","protected":false},"author":1,"featured_media":277,"comment_status":"open","ping_status":"open","sticky":false,"template":"","format":"standard","meta":{"footnotes":""},"categories":[47,7],"tags":[],"class_list":["post-275","post","type-post","status-publish","format-standard","has-post-thumbnail","hentry","category-justice","category-politique","entry"],"_links":{"self":[{"href":"https:\/\/abdoumoustoifa.info\/index.php\/wp-json\/wp\/v2\/posts\/275","targetHints":{"allow":["GET"]}}],"collection":[{"href":"https:\/\/abdoumoustoifa.info\/index.php\/wp-json\/wp\/v2\/posts"}],"about":[{"href":"https:\/\/abdoumoustoifa.info\/index.php\/wp-json\/wp\/v2\/types\/post"}],"author":[{"embeddable":true,"href":"https:\/\/abdoumoustoifa.info\/index.php\/wp-json\/wp\/v2\/users\/1"}],"replies":[{"embeddable":true,"href":"https:\/\/abdoumoustoifa.info\/index.php\/wp-json\/wp\/v2\/comments?post=275"}],"version-history":[{"count":1,"href":"https:\/\/abdoumoustoifa.info\/index.php\/wp-json\/wp\/v2\/posts\/275\/revisions"}],"predecessor-version":[{"id":554,"href":"https:\/\/abdoumoustoifa.info\/index.php\/wp-json\/wp\/v2\/posts\/275\/revisions\/554"}],"wp:featuredmedia":[{"embeddable":true,"href":"https:\/\/abdoumoustoifa.info\/index.php\/wp-json\/wp\/v2\/media\/277"}],"wp:attachment":[{"href":"https:\/\/abdoumoustoifa.info\/index.php\/wp-json\/wp\/v2\/media?parent=275"}],"wp:term":[{"taxonomy":"category","embeddable":true,"href":"https:\/\/abdoumoustoifa.info\/index.php\/wp-json\/wp\/v2\/categories?post=275"},{"taxonomy":"post_tag","embeddable":true,"href":"https:\/\/abdoumoustoifa.info\/index.php\/wp-json\/wp\/v2\/tags?post=275"}],"curies":[{"name":"wp","href":"https:\/\/api.w.org\/{rel}","templated":true}]}}