{"id":281,"date":"2020-03-10T08:43:45","date_gmt":"2020-03-10T07:43:45","guid":{"rendered":"https:\/\/abdoumoustoifa.wordpress.com\/?p=281"},"modified":"2020-03-10T08:43:45","modified_gmt":"2020-03-10T07:43:45","slug":"barreau-moroni-kaambi-mze-et-gerard-youssouf-suspendus","status":"publish","type":"post","link":"https:\/\/abdoumoustoifa.info\/index.php\/2020\/03\/10\/barreau-moroni-kaambi-mze-et-gerard-youssouf-suspendus\/","title":{"rendered":"Barreau Moroni\u00a0: Kaambi Mze et Gerard Youssouf suspendus"},"content":{"rendered":"\n<p><em>Le procureur g\u00e9n\u00e9ral a diligent\u00e9 une enqu\u00eate suite \u00e0 des \u00ab\u00a0accusations graves\u00a0\u00bb qui viseraient les deux avocats qui avaient pr\u00eat\u00e9 serment il y a une semaine. &nbsp;Le premier ne pourra pas poursuivre son stage pendant que le second ne plaidera pas le temps que la cour d\u2019appel se prononce.<\/em><\/p>\n\n\n\n<figure class=\"wp-block-image size-large\"><img decoding=\"async\" src=\"http:\/\/abdoumoustoifa.info\/wp-content\/uploads\/2020\/03\/img_1090.jpg?w=750\" alt=\"\" class=\"wp-image-262\" \/><figcaption>Kaambi Mze lors de son entretien accord\u00e9 \u00e0 Al-watwan <\/figcaption><\/figure>\n\n\n\n<p>Abdou Moustoifa<\/p>\n\n\n\n<p>Publi\u00e9 le mardi 10  mars 2020 \u00e0 10h<\/p>\n\n\n\n<p>D\u00e9cision prise. Le conseil de l\u2019ordre a suspendu jusqu\u2019\u00e0 nouvel ordre les activit\u00e9s de Kaambi Mze Soilih et Gerard Youssouf Abdou. Le principal motif avanc\u00e9 par le b\u00e2tonnier, Ibrahim Ali Mzimba dans sa note en date du 5 mars est l\u2019ouverture d\u2019une proc\u00e9dure par le parquet g\u00e9n\u00e9ral visant \u00e0 solliciter l\u2019intervention de la cour d\u2019appel suite aux accusations graves visant ces deux avocats r\u00e9cemment inscrits au barreau de Moroni. <\/p>\n\n\n\n<p>Le conseil a mis en avant l\u2019\u00e9thique et le respect aussi du droit en prenant cette d\u00e9cision en attendant la fin de l\u2019instruction a expliqu\u00e9 le secr\u00e9taire g\u00e9n\u00e9ral du conseil de l\u2019ordre, Me Youssouf Atick. <\/p>\n\n\n\n<blockquote class=\"wp-block-quote is-style-default is-layout-flow wp-block-quote-is-layout-flow\"><p><strong>\u00ab\u00a0<em>Nous, conseil de l\u2019ordre enregistrons les accusations graves \u00e0 l\u2019encontre du nouveau confr\u00e8re Gerard Youssouf et de l\u2019avocat stagiaire Kaambi Mze Soilih<\/em>\u00ab\u00a0<\/strong>, lit-on au d\u00e9but de ce document dont Al-watwan s\u2019est procur\u00e9 une copie. <\/p><\/blockquote>\n\n\n\n<p>Une premi\u00e8re audience a eu lieu hier au cabinet du premier pr\u00e9sident par int\u00e9rim pr\u00e8s de la cour de Moroni d\u2019apr\u00e8s toujours Me Atick, qui a confirm\u00e9 la mesure prise par les siens.<\/p>\n\n\n\n<p><strong>Annulation des serments<\/strong><\/p>\n\n\n\n<p>Dans sa requ\u00eate, le procureur g\u00e9n\u00e9ral souhaiterait l\u2019annulation des serments du 28 f\u00e9vrier et la d\u00e9lib\u00e9ration du conseil de l\u2019ordre N\u00b005_2020 et le N\u00b004_2020 du 17-02 2020 concernant Kaambi Mze Soilih et Gerard Youssouf Abdou. En tout cas c\u2019est ce qui a \u00e9t\u00e9 mentionn\u00e9 dans la convocation transmise au b\u00e2tonnier. &nbsp;<\/p>\n\n\n\n<p>Gerard Youssouf qui \u00e9tait magistrat n\u2019aura pas le droit de plaider en tant qu\u2019avocat. Celui-ci \u00e9tait exempt\u00e9 de stage pour avoir exerc\u00e9 pendant plus de 5 ans conform\u00e9ment \u00e0 l\u2019article 25 de la loi de 2008 portant organisation de la profession d\u2019Avocat en union des Comores. <\/p>\n\n\n\n<p>Quant \u00e0 Kaambi Mze Soule qui jouit seulement du statut d\u2019avocat stagiaire n\u2019\u00e9tant ni docteur en droit avec une exp\u00e9rience de trois comme le veut la loi, encore moins un ancien magistrat, ne pourra pas poursuivre le stage entam\u00e9 il y a une semaine.<\/p>\n\n\n\n<p><strong>La condamnation&nbsp;de Kaambi&nbsp;?<\/strong><\/p>\n\n\n\n<p>Pour les accusations \u00e9voqu\u00e9es par le parquet g\u00e9n\u00e9ral, il y a la condamnation de Kaambi. Dans un article du mensuel de Rennes du mois de novembre 2013, on y lit que Kaambi a \u00e9t\u00e9 reconnu coupable d\u2019une agression sexuelle et a \u00e9cop\u00e9 une condamnation d\u2019un an avec sursis avec obligation de versement d\u2019un d\u00e9dommagent et int\u00e9r\u00eats de 1000 euros au profit de la victime. <\/p>\n\n\n\n<p>Lors d\u2019un entretien accord\u00e9 \u00e0 <a href=\"https:\/\/alwatwan.net\/societe\/barreau-de-moroni-i-le-nouvel-avocat-stagiaire,-kaambi-mze-soilihi,-%C2%ABclarifie-son-profil%C2%BB.html\">Al-watwan<\/a> le 2 f\u00e9vrier, l\u2019int\u00e9ress\u00e9 refusait de parler d\u2019une quelconque condamnation. Il avait d\u00e9clar\u00e9 ceci \u00a0\u00bb <em>Effectivement j\u2019ai eu en France des accusations au sujet des relations que j\u2019ai eues avec une personne tierce majeure. Mais cette affaire est close depuis 2013&Prime; <\/em>tranchait-il<em>. <\/em><\/p>\n\n\n\n<p>Le grief reproch\u00e9 \u00e0 Gerard concernerait la non reconnaissance de sa d\u00e9mission. Jusqu\u2019\u00e0 pr\u00e9sent on pense que sa d\u00e9mission n\u2019a pas encore \u00e9t\u00e9 accept\u00e9e. Voil\u00e0 donc pour ce qui est des accusations en toile de fond selon le r\u00e9cit du secr\u00e9taire g\u00e9n\u00e9ral du conseil de l\u2019ordre. <\/p>\n\n\n\n<p><strong>Lire aussi : <a href=\"https:\/\/alwatwan.net\/societe\/barreau-de-moroni-i-le-nouvel-avocat-stagiaire,-kaambi-mze-soilihi,-%C2%ABclarifie-son-profil%C2%BB.html\">Barreau de Moroni I Le nouvel avocat stagiaire, Kaambi Mze Soilihi, \u00abclarifie son profil\u00bb<\/a><\/strong><\/p>\n\n\n\n<p>On se demande comment le conseil a pu int\u00e9grer ces personnes sans mener les investigations approfondies n\u00e9cessaires. Kaambi qui affirme avoir d\u00e9pos\u00e9 son dossier depuis 2017 aurait pr\u00e9sent\u00e9 un casier judicaire comorien. Lui qui a v\u00e9cu en France pendant plus de 20 ans.<\/p>\n\n\n\n<p> N\u2019aurait-il pas fallu demander un casier judiciaire fran\u00e7ais&nbsp;? Pour acc\u00e9der au poste d\u2019avocat il faut avoir un casier judiciaire vierge. \u00a0\u00bb <em>Si erreur il y a eu, \u00e7a arrive \u00e0 tout le monde. On apprend de nos erreurs. Je salue d\u2019ailleurs l\u2019acte salutaire du procureur g\u00e9n\u00e9ral. Je regrette que les autres coll\u00e8gues ne se se soient pas constituer dans cette affaire pour apporter leurs avis sur ces cas qui se trouvent devant la cour d\u2019appel<\/em>\u00ab\u00a0, a conclu Me Youssouf Atick. Ce dernier continue de certifier que Kaambi Mze a obtenu un master \u00e0 l\u2019Universit\u00e9 Paris 13 sans nous le montrer.<\/p>\n<div id=\"wp-share-button-281\" class=\"wp-share-button theme20\"><span class=\"total-share \"><i class=\"total-count-text\">Total Share<\/i> <i class=\"total-count\">0<\/i> <\/span><a target=\"_blank\" href=\"mailto:?subject=Barreau%20Moroni\u00a0:%20Kaambi%20Mze%20et%20Gerard%20Youssouf%20suspendus&#038;body=https:\/\/abdoumoustoifa.info\/index.php\/2020\/03\/10\/barreau-moroni-kaambi-mze-et-gerard-youssouf-suspendus\/\" class=\"share-button share-button-281 email\" id=\"email\" data-nonce=\"7beb67466d\">\r\n\r\n<span class=\"button-icon\">&lt;i class=&quot;far fa-envelope&quot;&gt;&lt;\/i&gt;<\/span>\r\n<span class=\"button-name\">Email<\/span>\r\n\r\n<span class=\"button-count\">0<\/span>\r\n\r\n<\/a>\r\n\r\n<a target=\"_blank\" href=\"https:\/\/www.facebook.com\/sharer\/sharer.php?u=https:\/\/abdoumoustoifa.info\/index.php\/2020\/03\/10\/barreau-moroni-kaambi-mze-et-gerard-youssouf-suspendus\/\" class=\"share-button share-button-281 facebook\" id=\"facebook\" data-nonce=\"7beb67466d\">\r\n\r\n<span class=\"button-icon\">&lt;i class=&quot;fab fa-facebook-f&quot;&gt;&lt;\/i&gt;<\/span>\r\n<span class=\"button-name\">Facebook<\/span>\r\n\r\n<span class=\"button-count\">0<\/span>\r\n\r\n<\/a>\r\n\r\n<a target=\"_blank\" href=\"https:\/\/twitter.com\/intent\/tweet?url=https:\/\/abdoumoustoifa.info\/index.php\/2020\/03\/10\/barreau-moroni-kaambi-mze-et-gerard-youssouf-suspendus\/&#038;text=Barreau%20Moroni\u00a0:%20Kaambi%20Mze%20et%20Gerard%20Youssouf%20suspendus\" class=\"share-button share-button-281 twitter\" id=\"twitter\" data-nonce=\"7beb67466d\">\r\n\r\n<span class=\"button-icon\">&lt;i class=&quot;fab fa-twitter&quot;&gt;&lt;\/i&gt;<\/span>\r\n<span class=\"button-name\">Twitter<\/span>\r\n\r\n<span class=\"button-count\">0<\/span>\r\n\r\n<\/a>\r\n\r\n<a target=\"_blank\" href=\"http:\/\/www.reddit.com\/submit?title=Barreau%20Moroni\u00a0:%20Kaambi%20Mze%20et%20Gerard%20Youssouf%20suspendus&#038;url=https:\/\/abdoumoustoifa.info\/index.php\/2020\/03\/10\/barreau-moroni-kaambi-mze-et-gerard-youssouf-suspendus\/\" class=\"share-button share-button-281 reddit\" id=\"reddit\" data-nonce=\"7beb67466d\">\r\n\r\n<span class=\"button-icon\">&lt;i class=&quot;fab fa-reddit-alien&quot;&gt;&lt;\/i&gt;<\/span>\r\n<span class=\"button-name\">Reddit<\/span>\r\n\r\n<span class=\"button-count\">0<\/span>\r\n\r\n<\/a>\r\n\r\n<a title=\"More...\" href=\"#wp-share-button-281\" class=\"share-button-more\"><span class=\"button-icon\"><i class=\"fa fa-plus\"><\/i><\/span><\/a><div class=\"wp-share-button-popup wp-share-button-popup-281\"><div class=\"popup-buttons\"><span class=\"close\">X<\/span><a target=\"_blank\" href=\"https:\/\/www.linkedin.com\/shareArticle?url=https:\/\/abdoumoustoifa.info\/index.php\/2020\/03\/10\/barreau-moroni-kaambi-mze-et-gerard-youssouf-suspendus\/&#038;title=Barreau%20Moroni\u00a0:%20Kaambi%20Mze%20et%20Gerard%20Youssouf%20suspendus&#038;summary=&#038;source=\" class=\"share-button share-button-281 linkedin\" id=\"linkedin\">\r\n\r\n<span class=\"button-icon\"><i class=\"fab fa-linkedin-in\"><\/i><\/span>\r\n<span class=\"button-name\">Linkedin<\/span>\r\n<span class=\"button-count\">0<\/span>\t\t\t\t\r\n\r\n<\/a>\r\n<a target=\"_blank\" href=\"http:\/\/www.stumbleupon.com\/submit?url=https:\/\/abdoumoustoifa.info\/index.php\/2020\/03\/10\/barreau-moroni-kaambi-mze-et-gerard-youssouf-suspendus\/&#038;title=Barreau%20Moroni\u00a0:%20Kaambi%20Mze%20et%20Gerard%20Youssouf%20suspendus\" class=\"share-button share-button-281 stumbleupon\" id=\"stumbleupon\">\r\n\r\n<span class=\"button-icon\"><i class=\"fab fa-stumbleupon\"><\/i><\/span>\r\n<span class=\"button-name\">Stumbleupon<\/span>\r\n<span class=\"button-count\">0<\/span>\t\t\t\t\r\n\r\n<\/a>\r\n<\/div><\/div><\/div>","protected":false},"excerpt":{"rendered":"<p>Le procureur g\u00e9n\u00e9ral a diligent\u00e9 une enqu\u00eate suite \u00e0 des \u00ab\u00a0accusations graves\u00a0\u00bb qui viseraient les deux avocats qui avaient pr\u00eat\u00e9 serment il y a une semaine. &nbsp;Le premier ne pourra pas poursuivre son stage pendant que le second ne plaidera pas le temps que la cour d\u2019appel se prononce. Abdou Moustoifa Publi\u00e9 le mardi 10&hellip; <a class=\"more-link\" href=\"https:\/\/abdoumoustoifa.info\/index.php\/2020\/03\/10\/barreau-moroni-kaambi-mze-et-gerard-youssouf-suspendus\/\">Poursuivre la lecture <span class=\"screen-reader-text\">Barreau Moroni\u00a0: Kaambi Mze et Gerard Youssouf suspendus<\/span><\/a><\/p>\n<div id=\"wp-share-button-281\" class=\"wp-share-button theme20\"><span class=\"total-share \"><i class=\"total-count-text\">Total Share<\/i> <i class=\"total-count\">0<\/i> <\/span><a target=\"_blank\" href=\"mailto:?subject=Barreau%20Moroni\u00a0:%20Kaambi%20Mze%20et%20Gerard%20Youssouf%20suspendus&#038;body=https:\/\/abdoumoustoifa.info\/index.php\/2020\/03\/10\/barreau-moroni-kaambi-mze-et-gerard-youssouf-suspendus\/\" class=\"share-button share-button-281 email\" id=\"email\" data-nonce=\"7beb67466d\">\r\n\r\n<span class=\"button-icon\">&lt;i class=&quot;far fa-envelope&quot;&gt;&lt;\/i&gt;<\/span>\r\n<span class=\"button-name\">Email<\/span>\r\n\r\n<span class=\"button-count\">0<\/span>\r\n\r\n<\/a>\r\n\r\n<a target=\"_blank\" href=\"https:\/\/www.facebook.com\/sharer\/sharer.php?u=https:\/\/abdoumoustoifa.info\/index.php\/2020\/03\/10\/barreau-moroni-kaambi-mze-et-gerard-youssouf-suspendus\/\" class=\"share-button share-button-281 facebook\" id=\"facebook\" data-nonce=\"7beb67466d\">\r\n\r\n<span class=\"button-icon\">&lt;i class=&quot;fab fa-facebook-f&quot;&gt;&lt;\/i&gt;<\/span>\r\n<span class=\"button-name\">Facebook<\/span>\r\n\r\n<span class=\"button-count\">0<\/span>\r\n\r\n<\/a>\r\n\r\n<a target=\"_blank\" href=\"https:\/\/twitter.com\/intent\/tweet?url=https:\/\/abdoumoustoifa.info\/index.php\/2020\/03\/10\/barreau-moroni-kaambi-mze-et-gerard-youssouf-suspendus\/&#038;text=Barreau%20Moroni\u00a0:%20Kaambi%20Mze%20et%20Gerard%20Youssouf%20suspendus\" class=\"share-button share-button-281 twitter\" id=\"twitter\" data-nonce=\"7beb67466d\">\r\n\r\n<span class=\"button-icon\">&lt;i class=&quot;fab fa-twitter&quot;&gt;&lt;\/i&gt;<\/span>\r\n<span class=\"button-name\">Twitter<\/span>\r\n\r\n<span class=\"button-count\">0<\/span>\r\n\r\n<\/a>\r\n\r\n<a target=\"_blank\" href=\"http:\/\/www.reddit.com\/submit?title=Barreau%20Moroni\u00a0:%20Kaambi%20Mze%20et%20Gerard%20Youssouf%20suspendus&#038;url=https:\/\/abdoumoustoifa.info\/index.php\/2020\/03\/10\/barreau-moroni-kaambi-mze-et-gerard-youssouf-suspendus\/\" class=\"share-button share-button-281 reddit\" id=\"reddit\" data-nonce=\"7beb67466d\">\r\n\r\n<span class=\"button-icon\">&lt;i class=&quot;fab fa-reddit-alien&quot;&gt;&lt;\/i&gt;<\/span>\r\n<span class=\"button-name\">Reddit<\/span>\r\n\r\n<span class=\"button-count\">0<\/span>\r\n\r\n<\/a>\r\n\r\n<a title=\"More...\" href=\"#wp-share-button-281\" class=\"share-button-more\"><span class=\"button-icon\"><i class=\"fa fa-plus\"><\/i><\/span><\/a><div class=\"wp-share-button-popup wp-share-button-popup-281\"><div class=\"popup-buttons\"><span class=\"close\">X<\/span><a target=\"_blank\" href=\"https:\/\/www.linkedin.com\/shareArticle?url=https:\/\/abdoumoustoifa.info\/index.php\/2020\/03\/10\/barreau-moroni-kaambi-mze-et-gerard-youssouf-suspendus\/&#038;title=Barreau%20Moroni\u00a0:%20Kaambi%20Mze%20et%20Gerard%20Youssouf%20suspendus&#038;summary=&#038;source=\" class=\"share-button share-button-281 linkedin\" id=\"linkedin\">\r\n\r\n<span class=\"button-icon\"><i class=\"fab fa-linkedin-in\"><\/i><\/span>\r\n<span class=\"button-name\">Linkedin<\/span>\r\n<span class=\"button-count\">0<\/span>\t\t\t\t\r\n\r\n<\/a>\r\n<a target=\"_blank\" href=\"http:\/\/www.stumbleupon.com\/submit?url=https:\/\/abdoumoustoifa.info\/index.php\/2020\/03\/10\/barreau-moroni-kaambi-mze-et-gerard-youssouf-suspendus\/&#038;title=Barreau%20Moroni\u00a0:%20Kaambi%20Mze%20et%20Gerard%20Youssouf%20suspendus\" class=\"share-button share-button-281 stumbleupon\" id=\"stumbleupon\">\r\n\r\n<span class=\"button-icon\"><i class=\"fab fa-stumbleupon\"><\/i><\/span>\r\n<span class=\"button-name\">Stumbleupon<\/span>\r\n<span class=\"button-count\">0<\/span>\t\t\t\t\r\n\r\n<\/a>\r\n<\/div><\/div><\/div>","protected":false},"author":1,"featured_media":0,"comment_status":"open","ping_status":"open","sticky":false,"template":"","format":"standard","meta":{"footnotes":""},"categories":[7],"tags":[9,18,22],"class_list":["post-281","post","type-post","status-publish","format-standard","hentry","category-politique","tag-barreau-de-moroni","tag-justice","tag-tribunal-de-moroni","entry"],"_links":{"self":[{"href":"https:\/\/abdoumoustoifa.info\/index.php\/wp-json\/wp\/v2\/posts\/281","targetHints":{"allow":["GET"]}}],"collection":[{"href":"https:\/\/abdoumoustoifa.info\/index.php\/wp-json\/wp\/v2\/posts"}],"about":[{"href":"https:\/\/abdoumoustoifa.info\/index.php\/wp-json\/wp\/v2\/types\/post"}],"author":[{"embeddable":true,"href":"https:\/\/abdoumoustoifa.info\/index.php\/wp-json\/wp\/v2\/users\/1"}],"replies":[{"embeddable":true,"href":"https:\/\/abdoumoustoifa.info\/index.php\/wp-json\/wp\/v2\/comments?post=281"}],"version-history":[{"count":0,"href":"https:\/\/abdoumoustoifa.info\/index.php\/wp-json\/wp\/v2\/posts\/281\/revisions"}],"wp:attachment":[{"href":"https:\/\/abdoumoustoifa.info\/index.php\/wp-json\/wp\/v2\/media?parent=281"}],"wp:term":[{"taxonomy":"category","embeddable":true,"href":"https:\/\/abdoumoustoifa.info\/index.php\/wp-json\/wp\/v2\/categories?post=281"},{"taxonomy":"post_tag","embeddable":true,"href":"https:\/\/abdoumoustoifa.info\/index.php\/wp-json\/wp\/v2\/tags?post=281"}],"curies":[{"name":"wp","href":"https:\/\/api.w.org\/{rel}","templated":true}]}}