{"id":311,"date":"2020-03-18T13:46:22","date_gmt":"2020-03-18T12:46:22","guid":{"rendered":"https:\/\/abdoumoustoifa.wordpress.com\/?p=311"},"modified":"2020-03-18T13:46:22","modified_gmt":"2020-03-18T12:46:22","slug":"viol-de-la-fillette-de-mtsangani-me-idriss-mze-mogne-tous-mes-clients-sont-des-mineurs","status":"publish","type":"post","link":"https:\/\/abdoumoustoifa.info\/index.php\/2020\/03\/18\/viol-de-la-fillette-de-mtsangani-me-idriss-mze-mogne-tous-mes-clients-sont-des-mineurs\/","title":{"rendered":"Viol de la fillette de Mtsangani : Me Idriss Mze Mogne \u00a0\u00bb Tous mes clients sont des mineurs \u00ab\u00a0"},"content":{"rendered":"\n<p><em>L\u2019avocat de la d\u00e9fense demande la tenue du proc\u00e8s dans les meilleurs et d\u00e9plore les conditions de d\u00e9tention de ses clients. L\u2019affaire est renvoy\u00e9e devant le tribunal des mineurs. &nbsp;<\/em><\/p>\n\n\n\n<figure class=\"wp-block-image size-large\"><img fetchpriority=\"high\" decoding=\"async\" width=\"720\" height=\"960\" src=\"http:\/\/abdoumoustoifa.info\/wp-content\/uploads\/2020\/03\/img_8483.jpg?w=720\" alt=\"\" class=\"wp-image-316\" srcset=\"https:\/\/abdoumoustoifa.info\/wp-content\/uploads\/2020\/03\/img_8483.jpg 720w, https:\/\/abdoumoustoifa.info\/wp-content\/uploads\/2020\/03\/img_8483-225x300.jpg 225w\" sizes=\"(max-width: 720px) 100vw, 720px\" \/><figcaption>Me Idriss Mze Mogne , avocat de la d\u00e9fense <\/figcaption><\/figure>\n\n\n\n<p>C\u2019\u00e9tait l\u2019affaire du mois. Fin janvier, le \u00ab\u00a0viol\u00a0\u00bb d\u2019une fillette de 12 originaire de Moroni Mtsangani par six jeunes du m\u00eame quartier, avait d\u00e9fray\u00e9 la chronique et suscit\u00e9 un \u00e9moi surtout les r\u00e9seaux sociaux o\u00f9 l\u2019information avait \u00e9t\u00e9 r\u00e9v\u00e9l\u00e9e. <\/p>\n\n\n\n<p>Au lendemain de la fin de l\u2019instruction, l\u2019avocat de la d\u00e9fense Idriss Mze Mogne a tenu \u00e0 s\u2019exprimer pour la premi\u00e8re fois pour dit-il dissiper les malentendus. A commencer par le caract\u00e8re de l\u2019acte. En effet, apr\u00e8s l\u2019\u00e9clatement de l\u2019affaire, beaucoup de bruit faisaient \u00e9tat d\u2019un \u00ab\u00a0viol collectif\u00a0\u00bb. <\/p>\n\n\n\n<figure class=\"wp-block-image size-large\"><img decoding=\"async\" width=\"700\" height=\"367\" src=\"http:\/\/abdoumoustoifa.info\/wp-content\/uploads\/2020\/03\/palais_de_justice_de_moroni_place_sous_haute_securite.jpg?w=700\" alt=\"\" class=\"wp-image-313\" srcset=\"https:\/\/abdoumoustoifa.info\/wp-content\/uploads\/2020\/03\/palais_de_justice_de_moroni_place_sous_haute_securite.jpg 700w, https:\/\/abdoumoustoifa.info\/wp-content\/uploads\/2020\/03\/palais_de_justice_de_moroni_place_sous_haute_securite-300x157.jpg 300w\" sizes=\"(max-width: 700px) 100vw, 700px\" \/><figcaption>Palais de justice de Moroni <\/figcaption><\/figure>\n\n\n\n<p>Ce que d\u00e9ment cat\u00e9goriquement, l\u2019avocat de la d\u00e9fense. \u00a0\u00bb <em>Contrairement \u00e0 ce qui a \u00e9t\u00e9 racont\u00e9 ici et l\u00e0, il n\u2019y a jamais eu un viol collectif. Chaque gar\u00e7on a dragu\u00e9 la fille \u00e0 cot\u00e9 et a eu une relation sexuelle avec la mineure dans des intervalles bien diff\u00e9rentes parfois apr\u00e8s deux mois ou plus<\/em>\u00ab\u00a0, a clarifi\u00e9 Idriss qui tout au long de sa conf\u00e9rence transmise sur sa page Facebook, vendredi apr\u00e8s-midi n\u2019a pas manqu\u00e9 de condamner l\u2019acte lui-m\u00eame qu\u2019il a qualifi\u00e9 de gravissime. <\/p>\n\n\n\n<p>\u00a0\u00bb <em>Qu\u2019on ne fasse pas l\u2019amalgame. Je ne cautionne pas ce qui s\u2019est pass\u00e9. Loin s\u2019en faut et je n\u2019encourage pas non plus ces actes. Je d\u00e9fends seulement les droits de mes clients. C\u2019est mon devoir. Rien de plus <\/em>\u00ab\u00a0.<\/p>\n\n\n\n<p><strong>Conditions de d\u00e9tention<\/strong> <\/p>\n\n\n\n<p>Les pr\u00e9sum\u00e9s violeurs poursuivis pour agression sexuelle se trouvent \u00e0 la maison d\u2019arr\u00eat de Moroni jusqu\u2019\u00e0 pr\u00e9sent. Un endroit qui n\u2019est pas id\u00e9al pour des mineurs a d\u00e9plor\u00e9 notre conf\u00e9rencier. Pour appuyer sa th\u00e8se, Il a cit\u00e9 l\u2019article 10 du 31 d\u00e9cembre 2005 portant protection de l\u2019enfance et la r\u00e9pression de la d\u00e9linquance juv\u00e9nile. <\/p>\n\n\n\n<p>L\u2019article 19 alin\u00e9a 2 de cette disposition est claire a poursuivi l\u2019avocat. Selon cet article le \u00ab\u00a0juge d\u2019instruction ne peut pas placer en d\u00e9tention les mineurs de 15 ans\u00a0\u00bb. L\u00e0 encore, Idriss Mze Mogne a mis les points sur les I concernant l\u2019\u00e2ge des jeunes qui n\u2019auraient pas encore atteint les 18 ans.&nbsp; <\/p>\n\n\n\n<p>Lire aussi : <\/p>\n\n\n\n<p>\u00a0\u00bb <em>Sur les cinq en d\u00e9tention jusqu\u2019\u00e0 maintenant. Trois d\u2019entre eux n\u2019ont pas d\u00e9pass\u00e9 les 15 ans. Jusqu\u2019\u00e0 la fin de l\u2019instruction, aucun acte n\u2019a \u00e9t\u00e9 d\u00e9pos\u00e9 pour remettre en cause l\u2019\u00e2ge. A titre de rappel, le juge d\u2019instruction a m\u00eame men\u00e9 ses investigations \u00e0 ce sens. Bien que sur les r\u00e9seaux sociaux, certains parlaient de falsification d\u2019acte de naissance. Donc avec cet \u00e2ge, il aurait fallu les placer dans d\u2019autres centre de d\u00e9tention et non pas \u00e0 la maison d\u2019arr\u00eat, o\u00f9 ils c\u00f4toient des criminels notoires jusqu\u2019\u00e0 ce qu\u2019ils soient jug\u00e9s<\/em>\u00ab\u00a0, a-t-il conclu. <\/p>\n\n\n\n<p>L\u2019avocat qui affirme avoir sollicit\u00e9 sans succ\u00e8s la libert\u00e9 provisoire de ses clients pour qu\u2019ils puissent au mois se rendre \u00e0 l\u2019\u00e9cole m\u00eame sous surveillance des forces de l\u2019ordre demande la tenue du proc\u00e8s le plut\u00f4t possible. <\/p>\n\n\n\n<p>\u00a0\u00bb <em>Les trois mineurs de 15 ans ne vont pas b\u00e9n\u00e9ficier d\u2019une audience \u00e9quitable car d\u00e8s le d\u00e9but tout a \u00e9t\u00e9 bafou\u00e9, de la mise en examen en passant par la garde \u00e0 vue jusqu\u2019\u00e0 maintenant\u00a0\u00bb, <\/em>regrette-t-il avant de rappeler qu\u2019il n\u2019\u00e9tait pas l\u00e0 pour emp\u00eacher ses clients d\u2019\u00eatre condamn\u00e9s s\u2019ils \u00e9taient reconnus coupables mais plut\u00f4t de veiller au respect de leurs droits.<\/p>\n<div id=\"wp-share-button-311\" class=\"wp-share-button theme20\"><span class=\"total-share \"><i class=\"total-count-text\">Total Share<\/i> <i class=\"total-count\">0<\/i> <\/span><a target=\"_blank\" href=\"mailto:?subject=Viol%20de%20la%20fillette%20de%20Mtsangani%20:%20Me%20Idriss%20Mze%20Mogne%20\u00a0\u00bb%20Tous%20mes%20clients%20sont%20des%20mineurs%20\u00ab\u00a0&#038;body=https:\/\/abdoumoustoifa.info\/index.php\/2020\/03\/18\/viol-de-la-fillette-de-mtsangani-me-idriss-mze-mogne-tous-mes-clients-sont-des-mineurs\/\" class=\"share-button share-button-311 email\" id=\"email\" data-nonce=\"7beb67466d\">\r\n\r\n<span class=\"button-icon\">&lt;i class=&quot;far fa-envelope&quot;&gt;&lt;\/i&gt;<\/span>\r\n<span class=\"button-name\">Email<\/span>\r\n\r\n<span class=\"button-count\">0<\/span>\r\n\r\n<\/a>\r\n\r\n<a target=\"_blank\" href=\"https:\/\/www.facebook.com\/sharer\/sharer.php?u=https:\/\/abdoumoustoifa.info\/index.php\/2020\/03\/18\/viol-de-la-fillette-de-mtsangani-me-idriss-mze-mogne-tous-mes-clients-sont-des-mineurs\/\" class=\"share-button share-button-311 facebook\" id=\"facebook\" data-nonce=\"7beb67466d\">\r\n\r\n<span class=\"button-icon\">&lt;i class=&quot;fab fa-facebook-f&quot;&gt;&lt;\/i&gt;<\/span>\r\n<span class=\"button-name\">Facebook<\/span>\r\n\r\n<span class=\"button-count\">0<\/span>\r\n\r\n<\/a>\r\n\r\n<a target=\"_blank\" href=\"https:\/\/twitter.com\/intent\/tweet?url=https:\/\/abdoumoustoifa.info\/index.php\/2020\/03\/18\/viol-de-la-fillette-de-mtsangani-me-idriss-mze-mogne-tous-mes-clients-sont-des-mineurs\/&#038;text=Viol%20de%20la%20fillette%20de%20Mtsangani%20:%20Me%20Idriss%20Mze%20Mogne%20\u00a0\u00bb%20Tous%20mes%20clients%20sont%20des%20mineurs%20\u00ab\u00a0\" class=\"share-button share-button-311 twitter\" id=\"twitter\" data-nonce=\"7beb67466d\">\r\n\r\n<span class=\"button-icon\">&lt;i class=&quot;fab fa-twitter&quot;&gt;&lt;\/i&gt;<\/span>\r\n<span class=\"button-name\">Twitter<\/span>\r\n\r\n<span class=\"button-count\">0<\/span>\r\n\r\n<\/a>\r\n\r\n<a target=\"_blank\" href=\"http:\/\/www.reddit.com\/submit?title=Viol%20de%20la%20fillette%20de%20Mtsangani%20:%20Me%20Idriss%20Mze%20Mogne%20\u00a0\u00bb%20Tous%20mes%20clients%20sont%20des%20mineurs%20\u00ab\u00a0&#038;url=https:\/\/abdoumoustoifa.info\/index.php\/2020\/03\/18\/viol-de-la-fillette-de-mtsangani-me-idriss-mze-mogne-tous-mes-clients-sont-des-mineurs\/\" class=\"share-button share-button-311 reddit\" id=\"reddit\" data-nonce=\"7beb67466d\">\r\n\r\n<span class=\"button-icon\">&lt;i class=&quot;fab fa-reddit-alien&quot;&gt;&lt;\/i&gt;<\/span>\r\n<span class=\"button-name\">Reddit<\/span>\r\n\r\n<span class=\"button-count\">0<\/span>\r\n\r\n<\/a>\r\n\r\n<a title=\"More...\" href=\"#wp-share-button-311\" class=\"share-button-more\"><span class=\"button-icon\"><i class=\"fa fa-plus\"><\/i><\/span><\/a><div class=\"wp-share-button-popup wp-share-button-popup-311\"><div class=\"popup-buttons\"><span class=\"close\">X<\/span><a target=\"_blank\" href=\"https:\/\/www.linkedin.com\/shareArticle?url=https:\/\/abdoumoustoifa.info\/index.php\/2020\/03\/18\/viol-de-la-fillette-de-mtsangani-me-idriss-mze-mogne-tous-mes-clients-sont-des-mineurs\/&#038;title=Viol%20de%20la%20fillette%20de%20Mtsangani%20:%20Me%20Idriss%20Mze%20Mogne%20\u00a0\u00bb%20Tous%20mes%20clients%20sont%20des%20mineurs%20\u00ab\u00a0&#038;summary=&#038;source=\" class=\"share-button share-button-311 linkedin\" id=\"linkedin\">\r\n\r\n<span class=\"button-icon\"><i class=\"fab fa-linkedin-in\"><\/i><\/span>\r\n<span class=\"button-name\">Linkedin<\/span>\r\n<span class=\"button-count\">0<\/span>\t\t\t\t\r\n\r\n<\/a>\r\n<a target=\"_blank\" href=\"http:\/\/www.stumbleupon.com\/submit?url=https:\/\/abdoumoustoifa.info\/index.php\/2020\/03\/18\/viol-de-la-fillette-de-mtsangani-me-idriss-mze-mogne-tous-mes-clients-sont-des-mineurs\/&#038;title=Viol%20de%20la%20fillette%20de%20Mtsangani%20:%20Me%20Idriss%20Mze%20Mogne%20\u00a0\u00bb%20Tous%20mes%20clients%20sont%20des%20mineurs%20\u00ab\u00a0\" class=\"share-button share-button-311 stumbleupon\" id=\"stumbleupon\">\r\n\r\n<span class=\"button-icon\"><i class=\"fab fa-stumbleupon\"><\/i><\/span>\r\n<span class=\"button-name\">Stumbleupon<\/span>\r\n<span class=\"button-count\">0<\/span>\t\t\t\t\r\n\r\n<\/a>\r\n<\/div><\/div><\/div>","protected":false},"excerpt":{"rendered":"<p>L\u2019avocat de la d\u00e9fense demande la tenue du proc\u00e8s dans les meilleurs et d\u00e9plore les conditions de d\u00e9tention de ses clients. L\u2019affaire est renvoy\u00e9e devant le tribunal des mineurs. &nbsp; C\u2019\u00e9tait l\u2019affaire du mois. Fin janvier, le \u00ab\u00a0viol\u00a0\u00bb d\u2019une fillette de 12 originaire de Moroni Mtsangani par six jeunes du m\u00eame quartier, avait d\u00e9fray\u00e9 la&hellip; <a class=\"more-link\" href=\"https:\/\/abdoumoustoifa.info\/index.php\/2020\/03\/18\/viol-de-la-fillette-de-mtsangani-me-idriss-mze-mogne-tous-mes-clients-sont-des-mineurs\/\">Poursuivre la lecture <span class=\"screen-reader-text\">Viol de la fillette de Mtsangani : Me Idriss Mze Mogne \u00a0\u00bb Tous mes clients sont des mineurs \u00ab\u00a0<\/span><\/a><\/p>\n<div id=\"wp-share-button-311\" class=\"wp-share-button theme20\"><span class=\"total-share \"><i class=\"total-count-text\">Total Share<\/i> <i class=\"total-count\">0<\/i> <\/span><a target=\"_blank\" href=\"mailto:?subject=Viol%20de%20la%20fillette%20de%20Mtsangani%20:%20Me%20Idriss%20Mze%20Mogne%20\u00a0\u00bb%20Tous%20mes%20clients%20sont%20des%20mineurs%20\u00ab\u00a0&#038;body=https:\/\/abdoumoustoifa.info\/index.php\/2020\/03\/18\/viol-de-la-fillette-de-mtsangani-me-idriss-mze-mogne-tous-mes-clients-sont-des-mineurs\/\" class=\"share-button share-button-311 email\" id=\"email\" data-nonce=\"7beb67466d\">\r\n\r\n<span class=\"button-icon\">&lt;i class=&quot;far fa-envelope&quot;&gt;&lt;\/i&gt;<\/span>\r\n<span class=\"button-name\">Email<\/span>\r\n\r\n<span class=\"button-count\">0<\/span>\r\n\r\n<\/a>\r\n\r\n<a target=\"_blank\" href=\"https:\/\/www.facebook.com\/sharer\/sharer.php?u=https:\/\/abdoumoustoifa.info\/index.php\/2020\/03\/18\/viol-de-la-fillette-de-mtsangani-me-idriss-mze-mogne-tous-mes-clients-sont-des-mineurs\/\" class=\"share-button share-button-311 facebook\" id=\"facebook\" data-nonce=\"7beb67466d\">\r\n\r\n<span class=\"button-icon\">&lt;i class=&quot;fab fa-facebook-f&quot;&gt;&lt;\/i&gt;<\/span>\r\n<span class=\"button-name\">Facebook<\/span>\r\n\r\n<span class=\"button-count\">0<\/span>\r\n\r\n<\/a>\r\n\r\n<a target=\"_blank\" href=\"https:\/\/twitter.com\/intent\/tweet?url=https:\/\/abdoumoustoifa.info\/index.php\/2020\/03\/18\/viol-de-la-fillette-de-mtsangani-me-idriss-mze-mogne-tous-mes-clients-sont-des-mineurs\/&#038;text=Viol%20de%20la%20fillette%20de%20Mtsangani%20:%20Me%20Idriss%20Mze%20Mogne%20\u00a0\u00bb%20Tous%20mes%20clients%20sont%20des%20mineurs%20\u00ab\u00a0\" class=\"share-button share-button-311 twitter\" id=\"twitter\" data-nonce=\"7beb67466d\">\r\n\r\n<span class=\"button-icon\">&lt;i class=&quot;fab fa-twitter&quot;&gt;&lt;\/i&gt;<\/span>\r\n<span class=\"button-name\">Twitter<\/span>\r\n\r\n<span class=\"button-count\">0<\/span>\r\n\r\n<\/a>\r\n\r\n<a target=\"_blank\" href=\"http:\/\/www.reddit.com\/submit?title=Viol%20de%20la%20fillette%20de%20Mtsangani%20:%20Me%20Idriss%20Mze%20Mogne%20\u00a0\u00bb%20Tous%20mes%20clients%20sont%20des%20mineurs%20\u00ab\u00a0&#038;url=https:\/\/abdoumoustoifa.info\/index.php\/2020\/03\/18\/viol-de-la-fillette-de-mtsangani-me-idriss-mze-mogne-tous-mes-clients-sont-des-mineurs\/\" class=\"share-button share-button-311 reddit\" id=\"reddit\" data-nonce=\"7beb67466d\">\r\n\r\n<span class=\"button-icon\">&lt;i class=&quot;fab fa-reddit-alien&quot;&gt;&lt;\/i&gt;<\/span>\r\n<span class=\"button-name\">Reddit<\/span>\r\n\r\n<span class=\"button-count\">0<\/span>\r\n\r\n<\/a>\r\n\r\n<a title=\"More...\" href=\"#wp-share-button-311\" class=\"share-button-more\"><span class=\"button-icon\"><i class=\"fa fa-plus\"><\/i><\/span><\/a><div class=\"wp-share-button-popup wp-share-button-popup-311\"><div class=\"popup-buttons\"><span class=\"close\">X<\/span><a target=\"_blank\" href=\"https:\/\/www.linkedin.com\/shareArticle?url=https:\/\/abdoumoustoifa.info\/index.php\/2020\/03\/18\/viol-de-la-fillette-de-mtsangani-me-idriss-mze-mogne-tous-mes-clients-sont-des-mineurs\/&#038;title=Viol%20de%20la%20fillette%20de%20Mtsangani%20:%20Me%20Idriss%20Mze%20Mogne%20\u00a0\u00bb%20Tous%20mes%20clients%20sont%20des%20mineurs%20\u00ab\u00a0&#038;summary=&#038;source=\" class=\"share-button share-button-311 linkedin\" id=\"linkedin\">\r\n\r\n<span class=\"button-icon\"><i class=\"fab fa-linkedin-in\"><\/i><\/span>\r\n<span class=\"button-name\">Linkedin<\/span>\r\n<span class=\"button-count\">0<\/span>\t\t\t\t\r\n\r\n<\/a>\r\n<a target=\"_blank\" href=\"http:\/\/www.stumbleupon.com\/submit?url=https:\/\/abdoumoustoifa.info\/index.php\/2020\/03\/18\/viol-de-la-fillette-de-mtsangani-me-idriss-mze-mogne-tous-mes-clients-sont-des-mineurs\/&#038;title=Viol%20de%20la%20fillette%20de%20Mtsangani%20:%20Me%20Idriss%20Mze%20Mogne%20\u00a0\u00bb%20Tous%20mes%20clients%20sont%20des%20mineurs%20\u00ab\u00a0\" class=\"share-button share-button-311 stumbleupon\" id=\"stumbleupon\">\r\n\r\n<span class=\"button-icon\"><i class=\"fab fa-stumbleupon\"><\/i><\/span>\r\n<span class=\"button-name\">Stumbleupon<\/span>\r\n<span class=\"button-count\">0<\/span>\t\t\t\t\r\n\r\n<\/a>\r\n<\/div><\/div><\/div>","protected":false},"author":1,"featured_media":0,"comment_status":"open","ping_status":"open","sticky":false,"template":"","format":"standard","meta":{"footnotes":""},"categories":[7],"tags":[10,18,23,25],"class_list":["post-311","post","type-post","status-publish","format-standard","hentry","category-politique","tag-comores","tag-justice","tag-tribunal-moroni","tag-viol","entry"],"_links":{"self":[{"href":"https:\/\/abdoumoustoifa.info\/index.php\/wp-json\/wp\/v2\/posts\/311","targetHints":{"allow":["GET"]}}],"collection":[{"href":"https:\/\/abdoumoustoifa.info\/index.php\/wp-json\/wp\/v2\/posts"}],"about":[{"href":"https:\/\/abdoumoustoifa.info\/index.php\/wp-json\/wp\/v2\/types\/post"}],"author":[{"embeddable":true,"href":"https:\/\/abdoumoustoifa.info\/index.php\/wp-json\/wp\/v2\/users\/1"}],"replies":[{"embeddable":true,"href":"https:\/\/abdoumoustoifa.info\/index.php\/wp-json\/wp\/v2\/comments?post=311"}],"version-history":[{"count":0,"href":"https:\/\/abdoumoustoifa.info\/index.php\/wp-json\/wp\/v2\/posts\/311\/revisions"}],"wp:attachment":[{"href":"https:\/\/abdoumoustoifa.info\/index.php\/wp-json\/wp\/v2\/media?parent=311"}],"wp:term":[{"taxonomy":"category","embeddable":true,"href":"https:\/\/abdoumoustoifa.info\/index.php\/wp-json\/wp\/v2\/categories?post=311"},{"taxonomy":"post_tag","embeddable":true,"href":"https:\/\/abdoumoustoifa.info\/index.php\/wp-json\/wp\/v2\/tags?post=311"}],"curies":[{"name":"wp","href":"https:\/\/api.w.org\/{rel}","templated":true}]}}