{"id":323,"date":"2020-03-20T14:51:53","date_gmt":"2020-03-20T13:51:53","guid":{"rendered":"https:\/\/abdoumoustoifa.wordpress.com\/?p=323"},"modified":"2020-03-20T14:51:53","modified_gmt":"2020-03-20T13:51:53","slug":"covid-19-suspension-des-cours-a-luniversite-des-comores","status":"publish","type":"post","link":"https:\/\/abdoumoustoifa.info\/index.php\/2020\/03\/20\/covid-19-suspension-des-cours-a-luniversite-des-comores\/","title":{"rendered":"Covid-19 : Suspension des cours \u00e0 l&rsquo;Universit\u00e9 des Comores"},"content":{"rendered":"\n<figure class=\"wp-block-image size-large\"><img fetchpriority=\"high\" decoding=\"async\" width=\"750\" height=\"500\" src=\"http:\/\/abdoumoustoifa.info\/wp-content\/uploads\/2020\/02\/dsc_0934.jpg?w=736\" alt=\"\" class=\"wp-image-208\" srcset=\"https:\/\/abdoumoustoifa.info\/wp-content\/uploads\/2020\/02\/dsc_0934.jpg 750w, https:\/\/abdoumoustoifa.info\/wp-content\/uploads\/2020\/02\/dsc_0934-300x200.jpg 300w\" sizes=\"(max-width: 750px) 100vw, 750px\" \/><figcaption>Facult\u00e9 des sciences et techniques <\/figcaption><\/figure>\n\n\n\n<p><\/p>\n\n\n\n<p><\/p>\n\n\n\n<p>Le ministre de l&rsquo;Education nationale ,Moindjie Mohamed Moussa, vient de signer une note circulaire portant sur modification du calendrier scolaire et universitaire. Pour l&rsquo;Universit\u00e9 des Comores, les cours sont suspendus jusqu&rsquo;au 5 avril prochain. <\/p>\n\n\n\n<figure class=\"wp-block-image size-large\"><img decoding=\"async\" width=\"750\" height=\"422\" src=\"http:\/\/abdoumoustoifa.info\/wp-content\/uploads\/2020\/02\/ministre_ecc81ducation-recc81actioin-.jpg?w=736\" alt=\"\" class=\"wp-image-212\" srcset=\"https:\/\/abdoumoustoifa.info\/wp-content\/uploads\/2020\/02\/ministre_ecc81ducation-recc81actioin-.jpg 750w, https:\/\/abdoumoustoifa.info\/wp-content\/uploads\/2020\/02\/ministre_ecc81ducation-recc81actioin--300x169.jpg 300w\" sizes=\"(max-width: 750px) 100vw, 750px\" \/><figcaption>Mohamed Moussa Moindjie, ministre de l&rsquo;\u00e9ducation nationale<\/figcaption><\/figure>\n\n\n\n<p>Toutes les autres institutions d&rsquo;enseignement sup\u00e9rieur du pays sont concern\u00e9es par cette note. Les doyens des facult\u00e9s et les collectivit\u00e9s locales sont pri\u00e9s de prendre toutes les mesures pr\u00e9ventives afin de r\u00e9duire les risques li\u00e9s au Covid-19, qualifi\u00e9 de pand\u00e9mie par l&rsquo;Organisation mondiale de la Sant\u00e9 ( Oms). <\/p>\n\n\n\n<p><strong>Lire aussi<\/strong> : <a href=\"https:\/\/alwatwan.net\/education\/covid-19-i-certaines-%C3%A9coles-suspendent-temporairement-les-cours.html\">Covid-19 I Certaines \u00e9coles suspendent temporairement les cours<\/a><\/p>\n<div id=\"wp-share-button-323\" class=\"wp-share-button theme20\"><span class=\"total-share \"><i class=\"total-count-text\">Total Share<\/i> <i class=\"total-count\">0<\/i> <\/span><a target=\"_blank\" href=\"mailto:?subject=Covid-19%20:%20Suspension%20des%20cours%20\u00e0%20l&rsquo;Universit\u00e9%20des%20Comores&#038;body=https:\/\/abdoumoustoifa.info\/index.php\/2020\/03\/20\/covid-19-suspension-des-cours-a-luniversite-des-comores\/\" class=\"share-button share-button-323 email\" id=\"email\" data-nonce=\"7beb67466d\">\r\n\r\n<span class=\"button-icon\">&lt;i class=&quot;far fa-envelope&quot;&gt;&lt;\/i&gt;<\/span>\r\n<span class=\"button-name\">Email<\/span>\r\n\r\n<span class=\"button-count\">0<\/span>\r\n\r\n<\/a>\r\n\r\n<a target=\"_blank\" href=\"https:\/\/www.facebook.com\/sharer\/sharer.php?u=https:\/\/abdoumoustoifa.info\/index.php\/2020\/03\/20\/covid-19-suspension-des-cours-a-luniversite-des-comores\/\" class=\"share-button share-button-323 facebook\" id=\"facebook\" data-nonce=\"7beb67466d\">\r\n\r\n<span class=\"button-icon\">&lt;i class=&quot;fab fa-facebook-f&quot;&gt;&lt;\/i&gt;<\/span>\r\n<span class=\"button-name\">Facebook<\/span>\r\n\r\n<span class=\"button-count\">0<\/span>\r\n\r\n<\/a>\r\n\r\n<a target=\"_blank\" href=\"https:\/\/twitter.com\/intent\/tweet?url=https:\/\/abdoumoustoifa.info\/index.php\/2020\/03\/20\/covid-19-suspension-des-cours-a-luniversite-des-comores\/&#038;text=Covid-19%20:%20Suspension%20des%20cours%20\u00e0%20l&rsquo;Universit\u00e9%20des%20Comores\" class=\"share-button share-button-323 twitter\" id=\"twitter\" data-nonce=\"7beb67466d\">\r\n\r\n<span class=\"button-icon\">&lt;i class=&quot;fab fa-twitter&quot;&gt;&lt;\/i&gt;<\/span>\r\n<span class=\"button-name\">Twitter<\/span>\r\n\r\n<span class=\"button-count\">0<\/span>\r\n\r\n<\/a>\r\n\r\n<a target=\"_blank\" href=\"http:\/\/www.reddit.com\/submit?title=Covid-19%20:%20Suspension%20des%20cours%20\u00e0%20l&rsquo;Universit\u00e9%20des%20Comores&#038;url=https:\/\/abdoumoustoifa.info\/index.php\/2020\/03\/20\/covid-19-suspension-des-cours-a-luniversite-des-comores\/\" class=\"share-button share-button-323 reddit\" id=\"reddit\" data-nonce=\"7beb67466d\">\r\n\r\n<span class=\"button-icon\">&lt;i class=&quot;fab fa-reddit-alien&quot;&gt;&lt;\/i&gt;<\/span>\r\n<span class=\"button-name\">Reddit<\/span>\r\n\r\n<span class=\"button-count\">0<\/span>\r\n\r\n<\/a>\r\n\r\n<a title=\"More...\" href=\"#wp-share-button-323\" class=\"share-button-more\"><span class=\"button-icon\"><i class=\"fa fa-plus\"><\/i><\/span><\/a><div class=\"wp-share-button-popup wp-share-button-popup-323\"><div class=\"popup-buttons\"><span class=\"close\">X<\/span><a target=\"_blank\" href=\"https:\/\/www.linkedin.com\/shareArticle?url=https:\/\/abdoumoustoifa.info\/index.php\/2020\/03\/20\/covid-19-suspension-des-cours-a-luniversite-des-comores\/&#038;title=Covid-19%20:%20Suspension%20des%20cours%20\u00e0%20l&rsquo;Universit\u00e9%20des%20Comores&#038;summary=&#038;source=\" class=\"share-button share-button-323 linkedin\" id=\"linkedin\">\r\n\r\n<span class=\"button-icon\"><i class=\"fab fa-linkedin-in\"><\/i><\/span>\r\n<span class=\"button-name\">Linkedin<\/span>\r\n<span class=\"button-count\">0<\/span>\t\t\t\t\r\n\r\n<\/a>\r\n<a target=\"_blank\" href=\"http:\/\/www.stumbleupon.com\/submit?url=https:\/\/abdoumoustoifa.info\/index.php\/2020\/03\/20\/covid-19-suspension-des-cours-a-luniversite-des-comores\/&#038;title=Covid-19%20:%20Suspension%20des%20cours%20\u00e0%20l&rsquo;Universit\u00e9%20des%20Comores\" class=\"share-button share-button-323 stumbleupon\" id=\"stumbleupon\">\r\n\r\n<span class=\"button-icon\"><i class=\"fab fa-stumbleupon\"><\/i><\/span>\r\n<span class=\"button-name\">Stumbleupon<\/span>\r\n<span class=\"button-count\">0<\/span>\t\t\t\t\r\n\r\n<\/a>\r\n<\/div><\/div><\/div>","protected":false},"excerpt":{"rendered":"<p>Le ministre de l&rsquo;Education nationale ,Moindjie Mohamed Moussa, vient de signer une note circulaire portant sur modification du calendrier scolaire et universitaire. Pour l&rsquo;Universit\u00e9 des Comores, les cours sont suspendus jusqu&rsquo;au 5 avril prochain. Toutes les autres institutions d&rsquo;enseignement sup\u00e9rieur du pays sont concern\u00e9es par cette note. Les doyens des facult\u00e9s et les collectivit\u00e9s locales&hellip; <a class=\"more-link\" href=\"https:\/\/abdoumoustoifa.info\/index.php\/2020\/03\/20\/covid-19-suspension-des-cours-a-luniversite-des-comores\/\">Poursuivre la lecture <span class=\"screen-reader-text\">Covid-19 : Suspension des cours \u00e0 l&rsquo;Universit\u00e9 des Comores<\/span><\/a><\/p>\n<div id=\"wp-share-button-323\" class=\"wp-share-button theme20\"><span class=\"total-share \"><i class=\"total-count-text\">Total Share<\/i> <i class=\"total-count\">0<\/i> <\/span><a target=\"_blank\" href=\"mailto:?subject=Covid-19%20:%20Suspension%20des%20cours%20\u00e0%20l&rsquo;Universit\u00e9%20des%20Comores&#038;body=https:\/\/abdoumoustoifa.info\/index.php\/2020\/03\/20\/covid-19-suspension-des-cours-a-luniversite-des-comores\/\" class=\"share-button share-button-323 email\" id=\"email\" data-nonce=\"7beb67466d\">\r\n\r\n<span class=\"button-icon\">&lt;i class=&quot;far fa-envelope&quot;&gt;&lt;\/i&gt;<\/span>\r\n<span class=\"button-name\">Email<\/span>\r\n\r\n<span class=\"button-count\">0<\/span>\r\n\r\n<\/a>\r\n\r\n<a target=\"_blank\" href=\"https:\/\/www.facebook.com\/sharer\/sharer.php?u=https:\/\/abdoumoustoifa.info\/index.php\/2020\/03\/20\/covid-19-suspension-des-cours-a-luniversite-des-comores\/\" class=\"share-button share-button-323 facebook\" id=\"facebook\" data-nonce=\"7beb67466d\">\r\n\r\n<span class=\"button-icon\">&lt;i class=&quot;fab fa-facebook-f&quot;&gt;&lt;\/i&gt;<\/span>\r\n<span class=\"button-name\">Facebook<\/span>\r\n\r\n<span class=\"button-count\">0<\/span>\r\n\r\n<\/a>\r\n\r\n<a target=\"_blank\" href=\"https:\/\/twitter.com\/intent\/tweet?url=https:\/\/abdoumoustoifa.info\/index.php\/2020\/03\/20\/covid-19-suspension-des-cours-a-luniversite-des-comores\/&#038;text=Covid-19%20:%20Suspension%20des%20cours%20\u00e0%20l&rsquo;Universit\u00e9%20des%20Comores\" class=\"share-button share-button-323 twitter\" id=\"twitter\" data-nonce=\"7beb67466d\">\r\n\r\n<span class=\"button-icon\">&lt;i class=&quot;fab fa-twitter&quot;&gt;&lt;\/i&gt;<\/span>\r\n<span class=\"button-name\">Twitter<\/span>\r\n\r\n<span class=\"button-count\">0<\/span>\r\n\r\n<\/a>\r\n\r\n<a target=\"_blank\" href=\"http:\/\/www.reddit.com\/submit?title=Covid-19%20:%20Suspension%20des%20cours%20\u00e0%20l&rsquo;Universit\u00e9%20des%20Comores&#038;url=https:\/\/abdoumoustoifa.info\/index.php\/2020\/03\/20\/covid-19-suspension-des-cours-a-luniversite-des-comores\/\" class=\"share-button share-button-323 reddit\" id=\"reddit\" data-nonce=\"7beb67466d\">\r\n\r\n<span class=\"button-icon\">&lt;i class=&quot;fab fa-reddit-alien&quot;&gt;&lt;\/i&gt;<\/span>\r\n<span class=\"button-name\">Reddit<\/span>\r\n\r\n<span class=\"button-count\">0<\/span>\r\n\r\n<\/a>\r\n\r\n<a title=\"More...\" href=\"#wp-share-button-323\" class=\"share-button-more\"><span class=\"button-icon\"><i class=\"fa fa-plus\"><\/i><\/span><\/a><div class=\"wp-share-button-popup wp-share-button-popup-323\"><div class=\"popup-buttons\"><span class=\"close\">X<\/span><a target=\"_blank\" href=\"https:\/\/www.linkedin.com\/shareArticle?url=https:\/\/abdoumoustoifa.info\/index.php\/2020\/03\/20\/covid-19-suspension-des-cours-a-luniversite-des-comores\/&#038;title=Covid-19%20:%20Suspension%20des%20cours%20\u00e0%20l&rsquo;Universit\u00e9%20des%20Comores&#038;summary=&#038;source=\" class=\"share-button share-button-323 linkedin\" id=\"linkedin\">\r\n\r\n<span class=\"button-icon\"><i class=\"fab fa-linkedin-in\"><\/i><\/span>\r\n<span class=\"button-name\">Linkedin<\/span>\r\n<span class=\"button-count\">0<\/span>\t\t\t\t\r\n\r\n<\/a>\r\n<a target=\"_blank\" href=\"http:\/\/www.stumbleupon.com\/submit?url=https:\/\/abdoumoustoifa.info\/index.php\/2020\/03\/20\/covid-19-suspension-des-cours-a-luniversite-des-comores\/&#038;title=Covid-19%20:%20Suspension%20des%20cours%20\u00e0%20l&rsquo;Universit\u00e9%20des%20Comores\" class=\"share-button share-button-323 stumbleupon\" id=\"stumbleupon\">\r\n\r\n<span class=\"button-icon\"><i class=\"fab fa-stumbleupon\"><\/i><\/span>\r\n<span class=\"button-name\">Stumbleupon<\/span>\r\n<span class=\"button-count\">0<\/span>\t\t\t\t\r\n\r\n<\/a>\r\n<\/div><\/div><\/div>","protected":false},"author":1,"featured_media":0,"comment_status":"open","ping_status":"open","sticky":false,"template":"","format":"standard","meta":{"footnotes":""},"categories":[5],"tags":[12,21,24],"class_list":["post-323","post","type-post","status-publish","format-standard","hentry","category-education","tag-coronavirus","tag-mohamed-mousssa-moindjie","tag-universite-des-comores","entry"],"_links":{"self":[{"href":"https:\/\/abdoumoustoifa.info\/index.php\/wp-json\/wp\/v2\/posts\/323","targetHints":{"allow":["GET"]}}],"collection":[{"href":"https:\/\/abdoumoustoifa.info\/index.php\/wp-json\/wp\/v2\/posts"}],"about":[{"href":"https:\/\/abdoumoustoifa.info\/index.php\/wp-json\/wp\/v2\/types\/post"}],"author":[{"embeddable":true,"href":"https:\/\/abdoumoustoifa.info\/index.php\/wp-json\/wp\/v2\/users\/1"}],"replies":[{"embeddable":true,"href":"https:\/\/abdoumoustoifa.info\/index.php\/wp-json\/wp\/v2\/comments?post=323"}],"version-history":[{"count":0,"href":"https:\/\/abdoumoustoifa.info\/index.php\/wp-json\/wp\/v2\/posts\/323\/revisions"}],"wp:attachment":[{"href":"https:\/\/abdoumoustoifa.info\/index.php\/wp-json\/wp\/v2\/media?parent=323"}],"wp:term":[{"taxonomy":"category","embeddable":true,"href":"https:\/\/abdoumoustoifa.info\/index.php\/wp-json\/wp\/v2\/categories?post=323"},{"taxonomy":"post_tag","embeddable":true,"href":"https:\/\/abdoumoustoifa.info\/index.php\/wp-json\/wp\/v2\/tags?post=323"}],"curies":[{"name":"wp","href":"https:\/\/api.w.org\/{rel}","templated":true}]}}