{"id":586,"date":"2021-06-26T13:59:55","date_gmt":"2021-06-26T11:59:55","guid":{"rendered":"http:\/\/abdoumoustoifa.info\/?p=586"},"modified":"2021-06-28T11:06:40","modified_gmt":"2021-06-28T09:06:40","slug":"ecole-primaire-quand-les-localites-paient-elles-memes-les-instituteurs","status":"publish","type":"post","link":"https:\/\/abdoumoustoifa.info\/index.php\/2021\/06\/26\/ecole-primaire-quand-les-localites-paient-elles-memes-les-instituteurs\/","title":{"rendered":"Ecole primaire : quand les localit\u00e9s paient elles-m\u00eames les instituteurs"},"content":{"rendered":"\n<figure class=\"wp-block-image size-large\"><img fetchpriority=\"high\" decoding=\"async\" width=\"750\" height=\"442\" src=\"http:\/\/abdoumoustoifa.info\/wp-content\/uploads\/2021\/06\/APPLICA58.jpg\" alt=\"\" class=\"wp-image-587\" srcset=\"https:\/\/abdoumoustoifa.info\/wp-content\/uploads\/2021\/06\/APPLICA58.jpg 750w, https:\/\/abdoumoustoifa.info\/wp-content\/uploads\/2021\/06\/APPLICA58-300x177.jpg 300w\" sizes=\"(max-width: 750px) 100vw, 750px\" \/><figcaption>Ecole primaire application au sud d Moroni<\/figcaption><\/figure>\n\n\n\n<p><em>A Gnoumadzaha Mvumbari dans la r\u00e9gion de Mbadjini, les parents d\u2019\u00e9l\u00e8ves se sont mis d\u2019accord pour proc\u00e9der \u00e0 des cotisations afin d\u2019assurer le paiement des b\u00e9n\u00e9voles, recrut\u00e9s par la localit\u00e9 pour compl\u00e9ter\u00a0 le nombre d\u2019enseignants. Un cas qui est loin d\u2019\u00eatre isol\u00e9.<\/em><\/p>\n\n\n\n<p><\/p>\n\n\n\n<p><\/p>\n\n\n\n<p>C\u2019est&nbsp; un ph\u00e9nom\u00e8ne qui touche presque toutes les \u00eeles. Le manque criant d\u2019instituteurs dans le pays est tout sauf nouveau. Si certaines localit\u00e9s s\u2019en sortent mieux , d\u2019autres peinent toujours \u00e0 joindre les deux bouts. En effet, selon des t\u00e9moignages recueillis par Al-watwan, il s\u2019av\u00e8re que de nombreuses r\u00e9gions de Ngazidja sont confront\u00e9es \u00e0 des probl\u00e8mes d\u2019instituteurs. <\/p>\n\n\n\n<p>Dans le Mbude, des localit\u00e9s comme Chamle se mobilisent pour sauver leurs enfants. La seule solution qui fait l\u2019unanimit\u00e9 jusqu\u2019\u00e0 pr\u00e9sent est le recrutement de b\u00e9n\u00e9voles. \u00a0\u00bb <em>L\u2019\u00e9cole primaire poss\u00e8de six divisions.\u00a0 Et depuis deux ans, nous nous retrouvons avec seulement 3 fonctionnaires envoy\u00e9s par le minist\u00e8re. Ceux qui partent \u00e0 la retraite ne sont pas remplac\u00e9s. Ayant constat\u00e9 cela, un b\u00e9n\u00e9vole du village a pris la d\u00e9cision d\u2019apporter son aide. Pour les deux classes restantes, la localit\u00e9 a engag\u00e9 des jeunes sortants de l\u2019Ifere pour compl\u00e9ter la liste<\/em>\u00ab\u00a0, \u00a0a expos\u00e9 Assoumani Maoulida. <\/p>\n\n\n\n<figure class=\"wp-block-image size-large\"><img decoding=\"async\" width=\"512\" height=\"305\" src=\"http:\/\/abdoumoustoifa.info\/wp-content\/uploads\/2021\/06\/enfnats-qui-se-trouvent-en-classe-.jpg\" alt=\"\" class=\"wp-image-589\" srcset=\"https:\/\/abdoumoustoifa.info\/wp-content\/uploads\/2021\/06\/enfnats-qui-se-trouvent-en-classe-.jpg 512w, https:\/\/abdoumoustoifa.info\/wp-content\/uploads\/2021\/06\/enfnats-qui-se-trouvent-en-classe--300x179.jpg 300w\" sizes=\"(max-width: 512px) 100vw, 512px\" \/><figcaption>Enfants qui se trouvent en classe<\/figcaption><\/figure>\n\n\n\n<p>D\u2019habitude, ce sont les autorit\u00e9s villageoises qui paient ces b\u00e9n\u00e9voles. Mais cette ann\u00e9e, \u00e0 cause de la covid, les parents ont jug\u00e9 n\u00e9cessaire d\u2019accompagner l\u2019initiative \u00a0\u00bb <em>C\u2019est une contribution symbolique pas un \u00e9colage. Ils la versent une seule fois par an<\/em>\u00ab\u00a0, a pr\u00e9cis\u00e9 Assoumani Maoulida, ancien &nbsp;directeur de l\u2019\u00e9cole primaire.<\/p>\n\n\n\n<p><strong>7500 francs par an.<\/strong><\/p>\n\n\n\n<p>Parti \u00e0 la retraite , &nbsp;ce dernier n\u2019a jusqu\u2019\u00e0 pr\u00e9sent pas \u00e9t\u00e9 remplac\u00e9. Ce qui fait que l\u2019\u00e9cole n\u2019a toujours pas un chef d\u2019\u00e9tablissement. Confront\u00e9e \u00e0 ce m\u00eame probl\u00e8me d\u2019instituteurs, la ville de Mandza dans la r\u00e9gion de Mbude, a \u00e9galement eu recours &nbsp;au recrutement de deux jeunes pour compl\u00e9ter la liste. \u00a0\u00bb <em>Nous mentionnons toujours ces difficult\u00e9s dans les rapports que nous transmettons aux inspecteurs. Malheureusement, on ne constate pas de changements<\/em>\u00ab\u00a0, d\u00e9plore la directrice, Faouza Mohamed Hadji. <\/p>\n\n\n\n<p>A Gnoumadzaha Mvumbari dans le Mbadjini, ce d\u00e9ficit d\u2019enseignants du primaire ne date pas d\u2019hier a soulign\u00e9 &nbsp;le directeur de l\u2019\u00e9tablissement public. \u00ab\u00a0<em>Depuis 2012, nous faisons face \u00e0 ces probl\u00e8mes d\u2019affectation. En plus de la subvention vers\u00e9e par la localit\u00e9 , les parents ont de leur c\u00f4t\u00e9 &nbsp;fix\u00e9 une cotisation annuelle de 7500 francs afin d\u2019aider le village \u00e0 payer les quatre b\u00e9n\u00e9voles que nous avons engag\u00e9s <\/em>\u00ab\u00a0, a indiqu\u00e9 le directeur de l\u2019\u00e9cole , Soul\u00e9 Mtsahwa dans un entretien accord\u00e9 \u00e0 Al-watwan, il y a quelques jours. <\/p>\n\n\n\n<blockquote class=\"wp-block-quote is-layout-flow wp-block-quote-is-layout-flow\"><p>Et d\u2019apr\u00e8s notre interlocuteur, le manque d\u2019instituteurs n\u2019est pas le seul probl\u00e8me auquel son \u00e9tablissement fait face. \u00a0\u00bb <em>Des s\u00e9rieux probl\u00e8mes&nbsp; de capacit\u00e9 d\u2019accueil se posent aussi. Deux de nos salles d\u00e9truites par le cyclone Kenneth ne sont toujours r\u00e9habilit\u00e9es. &nbsp;Avec un effectif qui avoisine les 200 \u00e9l\u00e8ves y compris le pr\u00e9scolaire, nous \u00e9tions oblig\u00e9s de prendre&nbsp; des mesures&nbsp; comme la fixation d\u2019un \u00e2ge minimum pour int\u00e9grer le CP1. L\u2019enfant doit avoir entre 6 ou 7 ans. Sachez aussi qu\u2019\u00e0 un moment nous transformons &nbsp;&nbsp;un foyer et madrassat en salles de classes<\/em> \u00ab\u00a0, a d\u00e9voil\u00e9 &nbsp;Soul\u00e9 Mtsahwa. <\/p><\/blockquote>\n\n\n\n<p>Interrog\u00e9, le secr\u00e9taire g\u00e9n\u00e9ral du minist\u00e8re de l\u2019\u00c9ducation a reconnu qu\u2019il se pose un probl\u00e8me d\u2019enseignants au niveau du primaire et pas que . \u00a0\u00bb <em>Mais une commission a \u00e9t\u00e9 mise en place et elle se trouve sur le terrain pour \u00e9valuer le besoin. Le moment venu, on va pr\u00e9senter nos solutions<\/em>&nbsp; \u00ab\u00a0, a indiqu\u00e9 Chourayki Bacar Soilihi .<\/p>\n<div id=\"wp-share-button-586\" class=\"wp-share-button theme20\"><span class=\"total-share \"><i class=\"total-count-text\">Total Share<\/i> <i class=\"total-count\">0<\/i> <\/span><a target=\"_blank\" href=\"mailto:?subject=Ecole%20primaire%20:%20quand%20les%20localit\u00e9s%20paient%20elles-m\u00eames%20les%20instituteurs&#038;body=https:\/\/abdoumoustoifa.info\/index.php\/2021\/06\/26\/ecole-primaire-quand-les-localites-paient-elles-memes-les-instituteurs\/\" class=\"share-button share-button-586 email\" id=\"email\" data-nonce=\"7beb67466d\">\r\n\r\n<span class=\"button-icon\">&lt;i class=&quot;far fa-envelope&quot;&gt;&lt;\/i&gt;<\/span>\r\n<span class=\"button-name\">Email<\/span>\r\n\r\n<span class=\"button-count\">0<\/span>\r\n\r\n<\/a>\r\n\r\n<a target=\"_blank\" href=\"https:\/\/www.facebook.com\/sharer\/sharer.php?u=https:\/\/abdoumoustoifa.info\/index.php\/2021\/06\/26\/ecole-primaire-quand-les-localites-paient-elles-memes-les-instituteurs\/\" class=\"share-button share-button-586 facebook\" id=\"facebook\" data-nonce=\"7beb67466d\">\r\n\r\n<span class=\"button-icon\">&lt;i class=&quot;fab fa-facebook-f&quot;&gt;&lt;\/i&gt;<\/span>\r\n<span class=\"button-name\">Facebook<\/span>\r\n\r\n<span class=\"button-count\">0<\/span>\r\n\r\n<\/a>\r\n\r\n<a target=\"_blank\" href=\"https:\/\/twitter.com\/intent\/tweet?url=https:\/\/abdoumoustoifa.info\/index.php\/2021\/06\/26\/ecole-primaire-quand-les-localites-paient-elles-memes-les-instituteurs\/&#038;text=Ecole%20primaire%20:%20quand%20les%20localit\u00e9s%20paient%20elles-m\u00eames%20les%20instituteurs\" class=\"share-button share-button-586 twitter\" id=\"twitter\" data-nonce=\"7beb67466d\">\r\n\r\n<span class=\"button-icon\">&lt;i class=&quot;fab fa-twitter&quot;&gt;&lt;\/i&gt;<\/span>\r\n<span class=\"button-name\">Twitter<\/span>\r\n\r\n<span class=\"button-count\">0<\/span>\r\n\r\n<\/a>\r\n\r\n<a target=\"_blank\" href=\"http:\/\/www.reddit.com\/submit?title=Ecole%20primaire%20:%20quand%20les%20localit\u00e9s%20paient%20elles-m\u00eames%20les%20instituteurs&#038;url=https:\/\/abdoumoustoifa.info\/index.php\/2021\/06\/26\/ecole-primaire-quand-les-localites-paient-elles-memes-les-instituteurs\/\" class=\"share-button share-button-586 reddit\" id=\"reddit\" data-nonce=\"7beb67466d\">\r\n\r\n<span class=\"button-icon\">&lt;i class=&quot;fab fa-reddit-alien&quot;&gt;&lt;\/i&gt;<\/span>\r\n<span class=\"button-name\">Reddit<\/span>\r\n\r\n<span class=\"button-count\">0<\/span>\r\n\r\n<\/a>\r\n\r\n<a title=\"More...\" href=\"#wp-share-button-586\" class=\"share-button-more\"><span class=\"button-icon\"><i class=\"fa fa-plus\"><\/i><\/span><\/a><div class=\"wp-share-button-popup wp-share-button-popup-586\"><div class=\"popup-buttons\"><span class=\"close\">X<\/span><a target=\"_blank\" href=\"https:\/\/www.linkedin.com\/shareArticle?url=https:\/\/abdoumoustoifa.info\/index.php\/2021\/06\/26\/ecole-primaire-quand-les-localites-paient-elles-memes-les-instituteurs\/&#038;title=Ecole%20primaire%20:%20quand%20les%20localit\u00e9s%20paient%20elles-m\u00eames%20les%20instituteurs&#038;summary=&#038;source=\" class=\"share-button share-button-586 linkedin\" id=\"linkedin\">\r\n\r\n<span class=\"button-icon\"><i class=\"fab fa-linkedin-in\"><\/i><\/span>\r\n<span class=\"button-name\">Linkedin<\/span>\r\n<span class=\"button-count\">0<\/span>\t\t\t\t\r\n\r\n<\/a>\r\n<a target=\"_blank\" href=\"http:\/\/www.stumbleupon.com\/submit?url=https:\/\/abdoumoustoifa.info\/index.php\/2021\/06\/26\/ecole-primaire-quand-les-localites-paient-elles-memes-les-instituteurs\/&#038;title=Ecole%20primaire%20:%20quand%20les%20localit\u00e9s%20paient%20elles-m\u00eames%20les%20instituteurs\" class=\"share-button share-button-586 stumbleupon\" id=\"stumbleupon\">\r\n\r\n<span class=\"button-icon\"><i class=\"fab fa-stumbleupon\"><\/i><\/span>\r\n<span class=\"button-name\">Stumbleupon<\/span>\r\n<span class=\"button-count\">0<\/span>\t\t\t\t\r\n\r\n<\/a>\r\n<\/div><\/div><\/div>","protected":false},"excerpt":{"rendered":"<p>A Gnoumadzaha Mvumbari dans la r\u00e9gion de Mbadjini, les parents d\u2019\u00e9l\u00e8ves se sont mis d\u2019accord pour proc\u00e9der \u00e0 des cotisations afin d\u2019assurer le paiement des b\u00e9n\u00e9voles, recrut\u00e9s par la localit\u00e9 pour compl\u00e9ter\u00a0 le nombre d\u2019enseignants. Un cas qui est loin d\u2019\u00eatre isol\u00e9. C\u2019est&nbsp; un ph\u00e9nom\u00e8ne qui touche presque toutes les \u00eeles. Le manque criant d\u2019instituteurs&hellip; <a class=\"more-link\" href=\"https:\/\/abdoumoustoifa.info\/index.php\/2021\/06\/26\/ecole-primaire-quand-les-localites-paient-elles-memes-les-instituteurs\/\">Poursuivre la lecture <span class=\"screen-reader-text\">Ecole primaire : quand les localit\u00e9s paient elles-m\u00eames les instituteurs<\/span><\/a><\/p>\n<div id=\"wp-share-button-586\" class=\"wp-share-button theme20\"><span class=\"total-share \"><i class=\"total-count-text\">Total Share<\/i> <i class=\"total-count\">0<\/i> <\/span><a target=\"_blank\" href=\"mailto:?subject=Ecole%20primaire%20:%20quand%20les%20localit\u00e9s%20paient%20elles-m\u00eames%20les%20instituteurs&#038;body=https:\/\/abdoumoustoifa.info\/index.php\/2021\/06\/26\/ecole-primaire-quand-les-localites-paient-elles-memes-les-instituteurs\/\" class=\"share-button share-button-586 email\" id=\"email\" data-nonce=\"7beb67466d\">\r\n\r\n<span class=\"button-icon\">&lt;i class=&quot;far fa-envelope&quot;&gt;&lt;\/i&gt;<\/span>\r\n<span class=\"button-name\">Email<\/span>\r\n\r\n<span class=\"button-count\">0<\/span>\r\n\r\n<\/a>\r\n\r\n<a target=\"_blank\" href=\"https:\/\/www.facebook.com\/sharer\/sharer.php?u=https:\/\/abdoumoustoifa.info\/index.php\/2021\/06\/26\/ecole-primaire-quand-les-localites-paient-elles-memes-les-instituteurs\/\" class=\"share-button share-button-586 facebook\" id=\"facebook\" data-nonce=\"7beb67466d\">\r\n\r\n<span class=\"button-icon\">&lt;i class=&quot;fab fa-facebook-f&quot;&gt;&lt;\/i&gt;<\/span>\r\n<span class=\"button-name\">Facebook<\/span>\r\n\r\n<span class=\"button-count\">0<\/span>\r\n\r\n<\/a>\r\n\r\n<a target=\"_blank\" href=\"https:\/\/twitter.com\/intent\/tweet?url=https:\/\/abdoumoustoifa.info\/index.php\/2021\/06\/26\/ecole-primaire-quand-les-localites-paient-elles-memes-les-instituteurs\/&#038;text=Ecole%20primaire%20:%20quand%20les%20localit\u00e9s%20paient%20elles-m\u00eames%20les%20instituteurs\" class=\"share-button share-button-586 twitter\" id=\"twitter\" data-nonce=\"7beb67466d\">\r\n\r\n<span class=\"button-icon\">&lt;i class=&quot;fab fa-twitter&quot;&gt;&lt;\/i&gt;<\/span>\r\n<span class=\"button-name\">Twitter<\/span>\r\n\r\n<span class=\"button-count\">0<\/span>\r\n\r\n<\/a>\r\n\r\n<a target=\"_blank\" href=\"http:\/\/www.reddit.com\/submit?title=Ecole%20primaire%20:%20quand%20les%20localit\u00e9s%20paient%20elles-m\u00eames%20les%20instituteurs&#038;url=https:\/\/abdoumoustoifa.info\/index.php\/2021\/06\/26\/ecole-primaire-quand-les-localites-paient-elles-memes-les-instituteurs\/\" class=\"share-button share-button-586 reddit\" id=\"reddit\" data-nonce=\"7beb67466d\">\r\n\r\n<span class=\"button-icon\">&lt;i class=&quot;fab fa-reddit-alien&quot;&gt;&lt;\/i&gt;<\/span>\r\n<span class=\"button-name\">Reddit<\/span>\r\n\r\n<span class=\"button-count\">0<\/span>\r\n\r\n<\/a>\r\n\r\n<a title=\"More...\" href=\"#wp-share-button-586\" class=\"share-button-more\"><span class=\"button-icon\"><i class=\"fa fa-plus\"><\/i><\/span><\/a><div class=\"wp-share-button-popup wp-share-button-popup-586\"><div class=\"popup-buttons\"><span class=\"close\">X<\/span><a target=\"_blank\" href=\"https:\/\/www.linkedin.com\/shareArticle?url=https:\/\/abdoumoustoifa.info\/index.php\/2021\/06\/26\/ecole-primaire-quand-les-localites-paient-elles-memes-les-instituteurs\/&#038;title=Ecole%20primaire%20:%20quand%20les%20localit\u00e9s%20paient%20elles-m\u00eames%20les%20instituteurs&#038;summary=&#038;source=\" class=\"share-button share-button-586 linkedin\" id=\"linkedin\">\r\n\r\n<span class=\"button-icon\"><i class=\"fab fa-linkedin-in\"><\/i><\/span>\r\n<span class=\"button-name\">Linkedin<\/span>\r\n<span class=\"button-count\">0<\/span>\t\t\t\t\r\n\r\n<\/a>\r\n<a target=\"_blank\" href=\"http:\/\/www.stumbleupon.com\/submit?url=https:\/\/abdoumoustoifa.info\/index.php\/2021\/06\/26\/ecole-primaire-quand-les-localites-paient-elles-memes-les-instituteurs\/&#038;title=Ecole%20primaire%20:%20quand%20les%20localit\u00e9s%20paient%20elles-m\u00eames%20les%20instituteurs\" class=\"share-button share-button-586 stumbleupon\" id=\"stumbleupon\">\r\n\r\n<span class=\"button-icon\"><i class=\"fab fa-stumbleupon\"><\/i><\/span>\r\n<span class=\"button-name\">Stumbleupon<\/span>\r\n<span class=\"button-count\">0<\/span>\t\t\t\t\r\n\r\n<\/a>\r\n<\/div><\/div><\/div>","protected":false},"author":2,"featured_media":0,"comment_status":"open","ping_status":"open","sticky":false,"template":"","format":"standard","meta":{"footnotes":""},"categories":[5],"tags":[],"class_list":["post-586","post","type-post","status-publish","format-standard","hentry","category-education","entry"],"_links":{"self":[{"href":"https:\/\/abdoumoustoifa.info\/index.php\/wp-json\/wp\/v2\/posts\/586","targetHints":{"allow":["GET"]}}],"collection":[{"href":"https:\/\/abdoumoustoifa.info\/index.php\/wp-json\/wp\/v2\/posts"}],"about":[{"href":"https:\/\/abdoumoustoifa.info\/index.php\/wp-json\/wp\/v2\/types\/post"}],"author":[{"embeddable":true,"href":"https:\/\/abdoumoustoifa.info\/index.php\/wp-json\/wp\/v2\/users\/2"}],"replies":[{"embeddable":true,"href":"https:\/\/abdoumoustoifa.info\/index.php\/wp-json\/wp\/v2\/comments?post=586"}],"version-history":[{"count":5,"href":"https:\/\/abdoumoustoifa.info\/index.php\/wp-json\/wp\/v2\/posts\/586\/revisions"}],"predecessor-version":[{"id":594,"href":"https:\/\/abdoumoustoifa.info\/index.php\/wp-json\/wp\/v2\/posts\/586\/revisions\/594"}],"wp:attachment":[{"href":"https:\/\/abdoumoustoifa.info\/index.php\/wp-json\/wp\/v2\/media?parent=586"}],"wp:term":[{"taxonomy":"category","embeddable":true,"href":"https:\/\/abdoumoustoifa.info\/index.php\/wp-json\/wp\/v2\/categories?post=586"},{"taxonomy":"post_tag","embeddable":true,"href":"https:\/\/abdoumoustoifa.info\/index.php\/wp-json\/wp\/v2\/tags?post=586"}],"curies":[{"name":"wp","href":"https:\/\/api.w.org\/{rel}","templated":true}]}}