{"id":60,"date":"2020-01-30T14:38:01","date_gmt":"2020-01-30T13:38:01","guid":{"rendered":"https:\/\/abdoumoustoifa.wordpress.com\/?p=60"},"modified":"2020-01-30T14:38:01","modified_gmt":"2020-01-30T13:38:01","slug":"comoriens-disparus-libye-les-familles-toujours-sans-nouvelles","status":"publish","type":"post","link":"https:\/\/abdoumoustoifa.info\/index.php\/2020\/01\/30\/comoriens-disparus-libye-les-familles-toujours-sans-nouvelles\/","title":{"rendered":"Comoriens disparus en Libye\u00a0: Les familles toujours sans nouvelles"},"content":{"rendered":"<p>&nbsp;<\/p>\n<p><em><strong><img fetchpriority=\"high\" decoding=\"async\" class=\"alignnone size-full wp-image-62\" src=\"http:\/\/abdoumoustoifa.info\/wp-content\/uploads\/2020\/01\/rfi.jpg\" alt=\"Rfi\" width=\"512\" height=\"289\" srcset=\"https:\/\/abdoumoustoifa.info\/wp-content\/uploads\/2020\/01\/rfi.jpg 512w, https:\/\/abdoumoustoifa.info\/wp-content\/uploads\/2020\/01\/rfi-300x169.jpg 300w\" sizes=\"(max-width: 512px) 100vw, 512px\" \/><\/strong><\/em><\/p>\n<p><em>Cr\u00e9dit photo : RfI\u00a0<\/em><\/p>\n<p>&nbsp;<\/p>\n<p><em><strong>Une d\u00e9l\u00e9gation compos\u00e9e de proches des personnes port\u00e9es disparues en Libye a \u00e9t\u00e9 re\u00e7ue avant-hier par le ministre de l\u2019\u00e9conomie, Houmedi Msaidi\u00e9<\/strong>. <\/em><\/p>\n<p><strong>Par Abdou Moustoifa\u00a0<\/strong><\/p>\n<p>Un mois apr\u00e8s avoir rencontr\u00e9 au minist\u00e8re des affaires Etrang\u00e8res et de la coop\u00e9ration internationale le repr\u00e9sentant de l\u2019Organisation internationale pour les migrations de la r\u00e9gion, les proches des personnes disparues en Libye ont rencontr\u00e9 ce mardi le ministre de l\u2019\u00e9conomie. Sans nouvelles cette entrevue, les familles avaient sollicit\u00e9 un entretien avec Houmedi Msaidie, pour lui faire part de leur situation. Et par la m\u00eame connaitre l\u2019\u00e9volution du dossier. \u00a0\u00bb <em>La rencontre fut fructueuse. Le ministre nous a fait part du soutien total du gouvernement qui suit de pr\u00e8s la situation. La croix rouge, le croissant rouge et l\u2019organisation internationale pour les migrations sont dispos\u00e9es \u00e0 nous aider mais en raison de la situation s\u00e9curitaire du pays, ces organisations humanitaires ont les mains li\u00e9es et n\u2019arrivent plus \u00e0 s\u2019approcher des ge\u00f4les libyennes. Donc difficile de localiser les comoriens susceptibles de se retrouver pi\u00e9ger dans ces prisons d\u2019apr\u00e8s le ministre<\/em>\u00ab\u00a0, a relat\u00e9 le pr\u00e9sident du collectif des proches, Salim Abdou.<\/p>\n<p><strong>retour du ministre Souef\u00a0<\/strong><\/p>\n<p>L\u2019air rassur\u00e9 lors de notre entretien t\u00e9l\u00e9phonique d\u2019hier, ce dernier, parlant au nom des trente personnes ayant pris part \u00e0 la rencontre du mardi, reste serein quant \u00e0 la promesse faite par leur h\u00f4te. \u00a0\u00bb <em>Le ministre de l\u2019Economie attend son coll\u00e8gue des affaires Etrang\u00e8res revienne au pays pour qu\u2019ils se mettent au travail<\/em>\u00ab\u00a0, a-poursuivi le chef de la d\u00e9l\u00e9gation. Depuis le mois de d\u00e9cembre qu\u2019il a \u00e9t\u00e9 saisi, le minist\u00e8re des affaires Etrang\u00e8res, a transmis \u00e0 l\u2019Oim, les identit\u00e9s des comoriens dont on a perdu les traces depuis des ann\u00e9es et qui seraient toujours en vie, mais retenus dans les prisons libyennes selon le t\u00e9moignage d\u2019un comorien qui avait r\u00e9ussi \u00e0 s\u2019\u00e9chapper. De son c\u00f4t\u00e9, l\u2019Oim a transmis tous ses bureaux de la r\u00e9gion, les 80 photos des ressortissants comoriens.\u00a0 Jusqu\u2019\u00e0 pr\u00e9sent, l\u2019organisation onusienne n\u2019a pas encore donn\u00e9 de nouvelles.<\/p>\n<p>&nbsp;<\/p>\n<p>&nbsp;<\/p>\n<p>&nbsp;<\/p>\n<p>&nbsp;<\/p>\n<p>&nbsp;<\/p>\n<div id=\"wp-share-button-60\" class=\"wp-share-button theme20\"><span class=\"total-share \"><i class=\"total-count-text\">Total Share<\/i> <i class=\"total-count\">0<\/i> <\/span><a target=\"_blank\" href=\"mailto:?subject=Comoriens%20disparus%20en%20Libye\u00a0:%20Les%20familles%20toujours%20sans%20nouvelles&#038;body=https:\/\/abdoumoustoifa.info\/index.php\/2020\/01\/30\/comoriens-disparus-libye-les-familles-toujours-sans-nouvelles\/\" class=\"share-button share-button-60 email\" id=\"email\" data-nonce=\"7beb67466d\">\r\n\r\n<span class=\"button-icon\">&lt;i class=&quot;far fa-envelope&quot;&gt;&lt;\/i&gt;<\/span>\r\n<span class=\"button-name\">Email<\/span>\r\n\r\n<span class=\"button-count\">0<\/span>\r\n\r\n<\/a>\r\n\r\n<a target=\"_blank\" href=\"https:\/\/www.facebook.com\/sharer\/sharer.php?u=https:\/\/abdoumoustoifa.info\/index.php\/2020\/01\/30\/comoriens-disparus-libye-les-familles-toujours-sans-nouvelles\/\" class=\"share-button share-button-60 facebook\" id=\"facebook\" data-nonce=\"7beb67466d\">\r\n\r\n<span class=\"button-icon\">&lt;i class=&quot;fab fa-facebook-f&quot;&gt;&lt;\/i&gt;<\/span>\r\n<span class=\"button-name\">Facebook<\/span>\r\n\r\n<span class=\"button-count\">0<\/span>\r\n\r\n<\/a>\r\n\r\n<a target=\"_blank\" href=\"https:\/\/twitter.com\/intent\/tweet?url=https:\/\/abdoumoustoifa.info\/index.php\/2020\/01\/30\/comoriens-disparus-libye-les-familles-toujours-sans-nouvelles\/&#038;text=Comoriens%20disparus%20en%20Libye\u00a0:%20Les%20familles%20toujours%20sans%20nouvelles\" class=\"share-button share-button-60 twitter\" id=\"twitter\" data-nonce=\"7beb67466d\">\r\n\r\n<span class=\"button-icon\">&lt;i class=&quot;fab fa-twitter&quot;&gt;&lt;\/i&gt;<\/span>\r\n<span class=\"button-name\">Twitter<\/span>\r\n\r\n<span class=\"button-count\">0<\/span>\r\n\r\n<\/a>\r\n\r\n<a target=\"_blank\" href=\"http:\/\/www.reddit.com\/submit?title=Comoriens%20disparus%20en%20Libye\u00a0:%20Les%20familles%20toujours%20sans%20nouvelles&#038;url=https:\/\/abdoumoustoifa.info\/index.php\/2020\/01\/30\/comoriens-disparus-libye-les-familles-toujours-sans-nouvelles\/\" class=\"share-button share-button-60 reddit\" id=\"reddit\" data-nonce=\"7beb67466d\">\r\n\r\n<span class=\"button-icon\">&lt;i class=&quot;fab fa-reddit-alien&quot;&gt;&lt;\/i&gt;<\/span>\r\n<span class=\"button-name\">Reddit<\/span>\r\n\r\n<span class=\"button-count\">0<\/span>\r\n\r\n<\/a>\r\n\r\n<a title=\"More...\" href=\"#wp-share-button-60\" class=\"share-button-more\"><span class=\"button-icon\"><i class=\"fa fa-plus\"><\/i><\/span><\/a><div class=\"wp-share-button-popup wp-share-button-popup-60\"><div class=\"popup-buttons\"><span class=\"close\">X<\/span><a target=\"_blank\" href=\"https:\/\/www.linkedin.com\/shareArticle?url=https:\/\/abdoumoustoifa.info\/index.php\/2020\/01\/30\/comoriens-disparus-libye-les-familles-toujours-sans-nouvelles\/&#038;title=Comoriens%20disparus%20en%20Libye\u00a0:%20Les%20familles%20toujours%20sans%20nouvelles&#038;summary=&#038;source=\" class=\"share-button share-button-60 linkedin\" id=\"linkedin\">\r\n\r\n<span class=\"button-icon\"><i class=\"fab fa-linkedin-in\"><\/i><\/span>\r\n<span class=\"button-name\">Linkedin<\/span>\r\n<span class=\"button-count\">0<\/span>\t\t\t\t\r\n\r\n<\/a>\r\n<a target=\"_blank\" href=\"http:\/\/www.stumbleupon.com\/submit?url=https:\/\/abdoumoustoifa.info\/index.php\/2020\/01\/30\/comoriens-disparus-libye-les-familles-toujours-sans-nouvelles\/&#038;title=Comoriens%20disparus%20en%20Libye\u00a0:%20Les%20familles%20toujours%20sans%20nouvelles\" class=\"share-button share-button-60 stumbleupon\" id=\"stumbleupon\">\r\n\r\n<span class=\"button-icon\"><i class=\"fab fa-stumbleupon\"><\/i><\/span>\r\n<span class=\"button-name\">Stumbleupon<\/span>\r\n<span class=\"button-count\">0<\/span>\t\t\t\t\r\n\r\n<\/a>\r\n<\/div><\/div><\/div>","protected":false},"excerpt":{"rendered":"<p>&nbsp; Cr\u00e9dit photo : RfI\u00a0 &nbsp; Une d\u00e9l\u00e9gation compos\u00e9e de proches des personnes port\u00e9es disparues en Libye a \u00e9t\u00e9 re\u00e7ue avant-hier par le ministre de l\u2019\u00e9conomie, Houmedi Msaidi\u00e9. Par Abdou Moustoifa\u00a0 Un mois apr\u00e8s avoir rencontr\u00e9 au minist\u00e8re des affaires Etrang\u00e8res et de la coop\u00e9ration internationale le repr\u00e9sentant de l\u2019Organisation internationale pour les migrations de&hellip; <a class=\"more-link\" href=\"https:\/\/abdoumoustoifa.info\/index.php\/2020\/01\/30\/comoriens-disparus-libye-les-familles-toujours-sans-nouvelles\/\">Poursuivre la lecture <span class=\"screen-reader-text\">Comoriens disparus en Libye\u00a0: Les familles toujours sans nouvelles<\/span><\/a><\/p>\n<div id=\"wp-share-button-60\" class=\"wp-share-button theme20\"><span class=\"total-share \"><i class=\"total-count-text\">Total Share<\/i> <i class=\"total-count\">0<\/i> <\/span><a target=\"_blank\" href=\"mailto:?subject=Comoriens%20disparus%20en%20Libye\u00a0:%20Les%20familles%20toujours%20sans%20nouvelles&#038;body=https:\/\/abdoumoustoifa.info\/index.php\/2020\/01\/30\/comoriens-disparus-libye-les-familles-toujours-sans-nouvelles\/\" class=\"share-button share-button-60 email\" id=\"email\" data-nonce=\"7beb67466d\">\r\n\r\n<span class=\"button-icon\">&lt;i class=&quot;far fa-envelope&quot;&gt;&lt;\/i&gt;<\/span>\r\n<span class=\"button-name\">Email<\/span>\r\n\r\n<span class=\"button-count\">0<\/span>\r\n\r\n<\/a>\r\n\r\n<a target=\"_blank\" href=\"https:\/\/www.facebook.com\/sharer\/sharer.php?u=https:\/\/abdoumoustoifa.info\/index.php\/2020\/01\/30\/comoriens-disparus-libye-les-familles-toujours-sans-nouvelles\/\" class=\"share-button share-button-60 facebook\" id=\"facebook\" data-nonce=\"7beb67466d\">\r\n\r\n<span class=\"button-icon\">&lt;i class=&quot;fab fa-facebook-f&quot;&gt;&lt;\/i&gt;<\/span>\r\n<span class=\"button-name\">Facebook<\/span>\r\n\r\n<span class=\"button-count\">0<\/span>\r\n\r\n<\/a>\r\n\r\n<a target=\"_blank\" href=\"https:\/\/twitter.com\/intent\/tweet?url=https:\/\/abdoumoustoifa.info\/index.php\/2020\/01\/30\/comoriens-disparus-libye-les-familles-toujours-sans-nouvelles\/&#038;text=Comoriens%20disparus%20en%20Libye\u00a0:%20Les%20familles%20toujours%20sans%20nouvelles\" class=\"share-button share-button-60 twitter\" id=\"twitter\" data-nonce=\"7beb67466d\">\r\n\r\n<span class=\"button-icon\">&lt;i class=&quot;fab fa-twitter&quot;&gt;&lt;\/i&gt;<\/span>\r\n<span class=\"button-name\">Twitter<\/span>\r\n\r\n<span class=\"button-count\">0<\/span>\r\n\r\n<\/a>\r\n\r\n<a target=\"_blank\" href=\"http:\/\/www.reddit.com\/submit?title=Comoriens%20disparus%20en%20Libye\u00a0:%20Les%20familles%20toujours%20sans%20nouvelles&#038;url=https:\/\/abdoumoustoifa.info\/index.php\/2020\/01\/30\/comoriens-disparus-libye-les-familles-toujours-sans-nouvelles\/\" class=\"share-button share-button-60 reddit\" id=\"reddit\" data-nonce=\"7beb67466d\">\r\n\r\n<span class=\"button-icon\">&lt;i class=&quot;fab fa-reddit-alien&quot;&gt;&lt;\/i&gt;<\/span>\r\n<span class=\"button-name\">Reddit<\/span>\r\n\r\n<span class=\"button-count\">0<\/span>\r\n\r\n<\/a>\r\n\r\n<a title=\"More...\" href=\"#wp-share-button-60\" class=\"share-button-more\"><span class=\"button-icon\"><i class=\"fa fa-plus\"><\/i><\/span><\/a><div class=\"wp-share-button-popup wp-share-button-popup-60\"><div class=\"popup-buttons\"><span class=\"close\">X<\/span><a target=\"_blank\" href=\"https:\/\/www.linkedin.com\/shareArticle?url=https:\/\/abdoumoustoifa.info\/index.php\/2020\/01\/30\/comoriens-disparus-libye-les-familles-toujours-sans-nouvelles\/&#038;title=Comoriens%20disparus%20en%20Libye\u00a0:%20Les%20familles%20toujours%20sans%20nouvelles&#038;summary=&#038;source=\" class=\"share-button share-button-60 linkedin\" id=\"linkedin\">\r\n\r\n<span class=\"button-icon\"><i class=\"fab fa-linkedin-in\"><\/i><\/span>\r\n<span class=\"button-name\">Linkedin<\/span>\r\n<span class=\"button-count\">0<\/span>\t\t\t\t\r\n\r\n<\/a>\r\n<a target=\"_blank\" href=\"http:\/\/www.stumbleupon.com\/submit?url=https:\/\/abdoumoustoifa.info\/index.php\/2020\/01\/30\/comoriens-disparus-libye-les-familles-toujours-sans-nouvelles\/&#038;title=Comoriens%20disparus%20en%20Libye\u00a0:%20Les%20familles%20toujours%20sans%20nouvelles\" class=\"share-button share-button-60 stumbleupon\" id=\"stumbleupon\">\r\n\r\n<span class=\"button-icon\"><i class=\"fab fa-stumbleupon\"><\/i><\/span>\r\n<span class=\"button-name\">Stumbleupon<\/span>\r\n<span class=\"button-count\">0<\/span>\t\t\t\t\r\n\r\n<\/a>\r\n<\/div><\/div><\/div>","protected":false},"author":1,"featured_media":0,"comment_status":"open","ping_status":"open","sticky":false,"template":"","format":"standard","meta":{"footnotes":""},"categories":[1],"tags":[],"class_list":["post-60","post","type-post","status-publish","format-standard","hentry","category-actualite","entry"],"_links":{"self":[{"href":"https:\/\/abdoumoustoifa.info\/index.php\/wp-json\/wp\/v2\/posts\/60","targetHints":{"allow":["GET"]}}],"collection":[{"href":"https:\/\/abdoumoustoifa.info\/index.php\/wp-json\/wp\/v2\/posts"}],"about":[{"href":"https:\/\/abdoumoustoifa.info\/index.php\/wp-json\/wp\/v2\/types\/post"}],"author":[{"embeddable":true,"href":"https:\/\/abdoumoustoifa.info\/index.php\/wp-json\/wp\/v2\/users\/1"}],"replies":[{"embeddable":true,"href":"https:\/\/abdoumoustoifa.info\/index.php\/wp-json\/wp\/v2\/comments?post=60"}],"version-history":[{"count":0,"href":"https:\/\/abdoumoustoifa.info\/index.php\/wp-json\/wp\/v2\/posts\/60\/revisions"}],"wp:attachment":[{"href":"https:\/\/abdoumoustoifa.info\/index.php\/wp-json\/wp\/v2\/media?parent=60"}],"wp:term":[{"taxonomy":"category","embeddable":true,"href":"https:\/\/abdoumoustoifa.info\/index.php\/wp-json\/wp\/v2\/categories?post=60"},{"taxonomy":"post_tag","embeddable":true,"href":"https:\/\/abdoumoustoifa.info\/index.php\/wp-json\/wp\/v2\/tags?post=60"}],"curies":[{"name":"wp","href":"https:\/\/api.w.org\/{rel}","templated":true}]}}