{"id":72,"date":"2020-02-03T11:30:06","date_gmt":"2020-02-03T10:30:06","guid":{"rendered":"https:\/\/abdoumoustoifa.wordpress.com\/?p=72"},"modified":"2020-02-03T11:30:06","modified_gmt":"2020-02-03T10:30:06","slug":"localisation-des-comoriens-disparus-en-libye-la-poursuite-des-recherches-suspendue-a-cause-de-linsecurite","status":"publish","type":"post","link":"https:\/\/abdoumoustoifa.info\/index.php\/2020\/02\/03\/localisation-des-comoriens-disparus-en-libye-la-poursuite-des-recherches-suspendue-a-cause-de-linsecurite\/","title":{"rendered":"Localisation des comoriens disparus en Libye\u00a0:  La poursuite des recherches suspendue \u00e0 cause de l\u2019ins\u00e9curit\u00e9"},"content":{"rendered":"<p><em><strong>L\u2019organisation internationale pour les migrations compte bien poursuivre les investigations sur place au niveau des sites. Jusqu\u2019\u00e0 pr\u00e9sent, on ne sait pas encore dans quel centre de d\u00e9tention seraient retenus les ressortissants comoriens.<\/strong> <\/em><\/p>\n<p><img fetchpriority=\"high\" decoding=\"async\" class=\"alignnone size-full wp-image-74\" src=\"http:\/\/abdoumoustoifa.info\/wp-content\/uploads\/2020\/02\/mirex.jpg\" alt=\"MIREX\" width=\"768\" height=\"403\" srcset=\"https:\/\/abdoumoustoifa.info\/wp-content\/uploads\/2020\/02\/mirex.jpg 768w, https:\/\/abdoumoustoifa.info\/wp-content\/uploads\/2020\/02\/mirex-300x157.jpg 300w\" sizes=\"(max-width: 768px) 100vw, 768px\" \/><\/p>\n<p><strong>Par Abdou Moustoifa\u00a0<\/strong><\/p>\n<p>Voil\u00e0 une nouvelle qui ne va surement pas r\u00e9jouir. Le bureau de l\u2019organisation internationale pour les migrations(OIM) en place \u00e0 Libye vient d\u2019apprendre qu\u2019il n\u2019y a pas de comoriens se trouvant dans les centres de d\u00e9tentions de Zawara (Zouara en arabe), une ville portuaire libyenne situ\u00e9e \u00e0 60 km de la fronti\u00e8re tunisienne. Depuis mi-d\u00e9cembre, le gouvernement comorien avait sollicit\u00e9 l\u2019aide de l\u2019Oim pour retrouver les traces de ses ressortissants qui n\u2019ont pas donn\u00e9 de signe de vie depuis des ann\u00e9es. A en croire des proches, certains seraient partis depuis 2014. Mais c\u2019est donc apr\u00e8s les r\u00e9v\u00e9lations faites par un ancien comorien qui a r\u00e9ussi \u00e0 s\u2019\u00e9chapper des ge\u00f4les libyennes il y a quelques mois, qui a interpell\u00e9 les proches. Selon les informations r\u00e9colt\u00e9es par les familles et partag\u00e9es avec l\u2019organisation internationale des migrations via le minist\u00e8re des affaires Etrang\u00e8res et de la coop\u00e9ration internationale, la plupart des comoriens port\u00e9s disparus seraient d\u00e9tenus dans la r\u00e9gion de la Zawara.<\/p>\n<p>https:\/\/alwatwan.net\/societe\/comoriens-disparus-en-libye.html<\/p>\n<p><strong>Aucun comorien \u00e0 Zawara<\/strong><\/p>\n<p><strong>\u00a0<\/strong>Ainsi le 13 d\u00e9cembre, les responsables du bureau de l\u2019Oim aux Comores ont notifi\u00e9 leurs coll\u00e8gues en poste \u00e0 Libye. Deux jours plus tard, soit le 15, la repr\u00e9sentation de l\u2019agence onusienne a d\u00e9sign\u00e9 un point focal pour suivre le dossier sur place. Un personnel a m\u00eame \u00e9t\u00e9 accr\u00e9dit\u00e9 pour la poursuite des op\u00e9rations en dehors de Tripoli. C\u2019est apr\u00e8s avoir entr\u00e9 en contact avec les autorit\u00e9s en charge de l\u2019immigration \u00e0 Zawara, que l\u2019Oim a eu l\u2019information selon laquelle, aucun comorien n\u2019\u00e9tait retenu dans les centres de migrants de la r\u00e9gion, selon le r\u00e9cit du chef du bureau repr\u00e9sentant de l\u2019Oim \u00e0 Madagascar et dans la r\u00e9gion, Daniel Silva y Poveda, qui accept\u00e9 hier de r\u00e9pondre \u00e0 quelques questions d\u2019Al-watwan. \u00a0\u00a0\u00bb <em>Notre appui \u00e0 l\u2019identification avance tr\u00e8s lentement en raison de l\u2019intensification des conflits depuis novembre\u00a0\u00bb, <\/em>a-t-il ajout\u00e9. Malgr\u00e9 ce contexte s\u00e9curitaire tendu qui ne facilite pas toute forme d\u2019intervention, l\u2019Oim pr\u00e9voit d\u2019organiser des descentes par site. Toujours est-il que le changement d\u2019identit\u00e9s, m\u00e9thode opt\u00e9e par ceux qui tentent l\u2019aventure s\u2019appr\u00eatent \u00e0 compliquerait l\u2019identification de comoriens dans de tels endroits.<\/p>\n<p>Lire aussi :\u00a0<a href=\"https:\/\/abdoumoustoifa.wordpress.com\/2020\/01\/30\/comoriens-disparus-libye-les-familles-toujours-sans-nouvelles\/\">Comoriens disparus en Libye\u00a0: Les familles toujours sans nouvelles<\/a><\/p>\n<p>&nbsp;<\/p>\n<div id=\"wp-share-button-72\" class=\"wp-share-button theme20\"><span class=\"total-share \"><i class=\"total-count-text\">Total Share<\/i> <i class=\"total-count\">0<\/i> <\/span><a target=\"_blank\" href=\"mailto:?subject=Localisation%20des%20comoriens%20disparus%20en%20Libye\u00a0:%20%20La%20poursuite%20des%20recherches%20suspendue%20\u00e0%20cause%20de%20l\u2019ins\u00e9curit\u00e9&#038;body=https:\/\/abdoumoustoifa.info\/index.php\/2020\/02\/03\/localisation-des-comoriens-disparus-en-libye-la-poursuite-des-recherches-suspendue-a-cause-de-linsecurite\/\" class=\"share-button share-button-72 email\" id=\"email\" data-nonce=\"7beb67466d\">\r\n\r\n<span class=\"button-icon\">&lt;i class=&quot;far fa-envelope&quot;&gt;&lt;\/i&gt;<\/span>\r\n<span class=\"button-name\">Email<\/span>\r\n\r\n<span class=\"button-count\">0<\/span>\r\n\r\n<\/a>\r\n\r\n<a target=\"_blank\" href=\"https:\/\/www.facebook.com\/sharer\/sharer.php?u=https:\/\/abdoumoustoifa.info\/index.php\/2020\/02\/03\/localisation-des-comoriens-disparus-en-libye-la-poursuite-des-recherches-suspendue-a-cause-de-linsecurite\/\" class=\"share-button share-button-72 facebook\" id=\"facebook\" data-nonce=\"7beb67466d\">\r\n\r\n<span class=\"button-icon\">&lt;i class=&quot;fab fa-facebook-f&quot;&gt;&lt;\/i&gt;<\/span>\r\n<span class=\"button-name\">Facebook<\/span>\r\n\r\n<span class=\"button-count\">0<\/span>\r\n\r\n<\/a>\r\n\r\n<a target=\"_blank\" href=\"https:\/\/twitter.com\/intent\/tweet?url=https:\/\/abdoumoustoifa.info\/index.php\/2020\/02\/03\/localisation-des-comoriens-disparus-en-libye-la-poursuite-des-recherches-suspendue-a-cause-de-linsecurite\/&#038;text=Localisation%20des%20comoriens%20disparus%20en%20Libye\u00a0:%20%20La%20poursuite%20des%20recherches%20suspendue%20\u00e0%20cause%20de%20l\u2019ins\u00e9curit\u00e9\" class=\"share-button share-button-72 twitter\" id=\"twitter\" data-nonce=\"7beb67466d\">\r\n\r\n<span class=\"button-icon\">&lt;i class=&quot;fab fa-twitter&quot;&gt;&lt;\/i&gt;<\/span>\r\n<span class=\"button-name\">Twitter<\/span>\r\n\r\n<span class=\"button-count\">0<\/span>\r\n\r\n<\/a>\r\n\r\n<a target=\"_blank\" href=\"http:\/\/www.reddit.com\/submit?title=Localisation%20des%20comoriens%20disparus%20en%20Libye\u00a0:%20%20La%20poursuite%20des%20recherches%20suspendue%20\u00e0%20cause%20de%20l\u2019ins\u00e9curit\u00e9&#038;url=https:\/\/abdoumoustoifa.info\/index.php\/2020\/02\/03\/localisation-des-comoriens-disparus-en-libye-la-poursuite-des-recherches-suspendue-a-cause-de-linsecurite\/\" class=\"share-button share-button-72 reddit\" id=\"reddit\" data-nonce=\"7beb67466d\">\r\n\r\n<span class=\"button-icon\">&lt;i class=&quot;fab fa-reddit-alien&quot;&gt;&lt;\/i&gt;<\/span>\r\n<span class=\"button-name\">Reddit<\/span>\r\n\r\n<span class=\"button-count\">0<\/span>\r\n\r\n<\/a>\r\n\r\n<a title=\"More...\" href=\"#wp-share-button-72\" class=\"share-button-more\"><span class=\"button-icon\"><i class=\"fa fa-plus\"><\/i><\/span><\/a><div class=\"wp-share-button-popup wp-share-button-popup-72\"><div class=\"popup-buttons\"><span class=\"close\">X<\/span><a target=\"_blank\" href=\"https:\/\/www.linkedin.com\/shareArticle?url=https:\/\/abdoumoustoifa.info\/index.php\/2020\/02\/03\/localisation-des-comoriens-disparus-en-libye-la-poursuite-des-recherches-suspendue-a-cause-de-linsecurite\/&#038;title=Localisation%20des%20comoriens%20disparus%20en%20Libye\u00a0:%20%20La%20poursuite%20des%20recherches%20suspendue%20\u00e0%20cause%20de%20l\u2019ins\u00e9curit\u00e9&#038;summary=&#038;source=\" class=\"share-button share-button-72 linkedin\" id=\"linkedin\">\r\n\r\n<span class=\"button-icon\"><i class=\"fab fa-linkedin-in\"><\/i><\/span>\r\n<span class=\"button-name\">Linkedin<\/span>\r\n<span class=\"button-count\">0<\/span>\t\t\t\t\r\n\r\n<\/a>\r\n<a target=\"_blank\" href=\"http:\/\/www.stumbleupon.com\/submit?url=https:\/\/abdoumoustoifa.info\/index.php\/2020\/02\/03\/localisation-des-comoriens-disparus-en-libye-la-poursuite-des-recherches-suspendue-a-cause-de-linsecurite\/&#038;title=Localisation%20des%20comoriens%20disparus%20en%20Libye\u00a0:%20%20La%20poursuite%20des%20recherches%20suspendue%20\u00e0%20cause%20de%20l\u2019ins\u00e9curit\u00e9\" class=\"share-button share-button-72 stumbleupon\" id=\"stumbleupon\">\r\n\r\n<span class=\"button-icon\"><i class=\"fab fa-stumbleupon\"><\/i><\/span>\r\n<span class=\"button-name\">Stumbleupon<\/span>\r\n<span class=\"button-count\">0<\/span>\t\t\t\t\r\n\r\n<\/a>\r\n<\/div><\/div><\/div>","protected":false},"excerpt":{"rendered":"<p>L\u2019organisation internationale pour les migrations compte bien poursuivre les investigations sur place au niveau des sites. Jusqu\u2019\u00e0 pr\u00e9sent, on ne sait pas encore dans quel centre de d\u00e9tention seraient retenus les ressortissants comoriens. Par Abdou Moustoifa\u00a0 Voil\u00e0 une nouvelle qui ne va surement pas r\u00e9jouir. Le bureau de l\u2019organisation internationale pour les migrations(OIM) en place&hellip; <a class=\"more-link\" href=\"https:\/\/abdoumoustoifa.info\/index.php\/2020\/02\/03\/localisation-des-comoriens-disparus-en-libye-la-poursuite-des-recherches-suspendue-a-cause-de-linsecurite\/\">Poursuivre la lecture <span class=\"screen-reader-text\">Localisation des comoriens disparus en Libye\u00a0:  La poursuite des recherches suspendue \u00e0 cause de l\u2019ins\u00e9curit\u00e9<\/span><\/a><\/p>\n<div id=\"wp-share-button-72\" class=\"wp-share-button theme20\"><span class=\"total-share \"><i class=\"total-count-text\">Total Share<\/i> <i class=\"total-count\">0<\/i> <\/span><a target=\"_blank\" href=\"mailto:?subject=Localisation%20des%20comoriens%20disparus%20en%20Libye\u00a0:%20%20La%20poursuite%20des%20recherches%20suspendue%20\u00e0%20cause%20de%20l\u2019ins\u00e9curit\u00e9&#038;body=https:\/\/abdoumoustoifa.info\/index.php\/2020\/02\/03\/localisation-des-comoriens-disparus-en-libye-la-poursuite-des-recherches-suspendue-a-cause-de-linsecurite\/\" class=\"share-button share-button-72 email\" id=\"email\" data-nonce=\"7beb67466d\">\r\n\r\n<span class=\"button-icon\">&lt;i class=&quot;far fa-envelope&quot;&gt;&lt;\/i&gt;<\/span>\r\n<span class=\"button-name\">Email<\/span>\r\n\r\n<span class=\"button-count\">0<\/span>\r\n\r\n<\/a>\r\n\r\n<a target=\"_blank\" href=\"https:\/\/www.facebook.com\/sharer\/sharer.php?u=https:\/\/abdoumoustoifa.info\/index.php\/2020\/02\/03\/localisation-des-comoriens-disparus-en-libye-la-poursuite-des-recherches-suspendue-a-cause-de-linsecurite\/\" class=\"share-button share-button-72 facebook\" id=\"facebook\" data-nonce=\"7beb67466d\">\r\n\r\n<span class=\"button-icon\">&lt;i class=&quot;fab fa-facebook-f&quot;&gt;&lt;\/i&gt;<\/span>\r\n<span class=\"button-name\">Facebook<\/span>\r\n\r\n<span class=\"button-count\">0<\/span>\r\n\r\n<\/a>\r\n\r\n<a target=\"_blank\" href=\"https:\/\/twitter.com\/intent\/tweet?url=https:\/\/abdoumoustoifa.info\/index.php\/2020\/02\/03\/localisation-des-comoriens-disparus-en-libye-la-poursuite-des-recherches-suspendue-a-cause-de-linsecurite\/&#038;text=Localisation%20des%20comoriens%20disparus%20en%20Libye\u00a0:%20%20La%20poursuite%20des%20recherches%20suspendue%20\u00e0%20cause%20de%20l\u2019ins\u00e9curit\u00e9\" class=\"share-button share-button-72 twitter\" id=\"twitter\" data-nonce=\"7beb67466d\">\r\n\r\n<span class=\"button-icon\">&lt;i class=&quot;fab fa-twitter&quot;&gt;&lt;\/i&gt;<\/span>\r\n<span class=\"button-name\">Twitter<\/span>\r\n\r\n<span class=\"button-count\">0<\/span>\r\n\r\n<\/a>\r\n\r\n<a target=\"_blank\" href=\"http:\/\/www.reddit.com\/submit?title=Localisation%20des%20comoriens%20disparus%20en%20Libye\u00a0:%20%20La%20poursuite%20des%20recherches%20suspendue%20\u00e0%20cause%20de%20l\u2019ins\u00e9curit\u00e9&#038;url=https:\/\/abdoumoustoifa.info\/index.php\/2020\/02\/03\/localisation-des-comoriens-disparus-en-libye-la-poursuite-des-recherches-suspendue-a-cause-de-linsecurite\/\" class=\"share-button share-button-72 reddit\" id=\"reddit\" data-nonce=\"7beb67466d\">\r\n\r\n<span class=\"button-icon\">&lt;i class=&quot;fab fa-reddit-alien&quot;&gt;&lt;\/i&gt;<\/span>\r\n<span class=\"button-name\">Reddit<\/span>\r\n\r\n<span class=\"button-count\">0<\/span>\r\n\r\n<\/a>\r\n\r\n<a title=\"More...\" href=\"#wp-share-button-72\" class=\"share-button-more\"><span class=\"button-icon\"><i class=\"fa fa-plus\"><\/i><\/span><\/a><div class=\"wp-share-button-popup wp-share-button-popup-72\"><div class=\"popup-buttons\"><span class=\"close\">X<\/span><a target=\"_blank\" href=\"https:\/\/www.linkedin.com\/shareArticle?url=https:\/\/abdoumoustoifa.info\/index.php\/2020\/02\/03\/localisation-des-comoriens-disparus-en-libye-la-poursuite-des-recherches-suspendue-a-cause-de-linsecurite\/&#038;title=Localisation%20des%20comoriens%20disparus%20en%20Libye\u00a0:%20%20La%20poursuite%20des%20recherches%20suspendue%20\u00e0%20cause%20de%20l\u2019ins\u00e9curit\u00e9&#038;summary=&#038;source=\" class=\"share-button share-button-72 linkedin\" id=\"linkedin\">\r\n\r\n<span class=\"button-icon\"><i class=\"fab fa-linkedin-in\"><\/i><\/span>\r\n<span class=\"button-name\">Linkedin<\/span>\r\n<span class=\"button-count\">0<\/span>\t\t\t\t\r\n\r\n<\/a>\r\n<a target=\"_blank\" href=\"http:\/\/www.stumbleupon.com\/submit?url=https:\/\/abdoumoustoifa.info\/index.php\/2020\/02\/03\/localisation-des-comoriens-disparus-en-libye-la-poursuite-des-recherches-suspendue-a-cause-de-linsecurite\/&#038;title=Localisation%20des%20comoriens%20disparus%20en%20Libye\u00a0:%20%20La%20poursuite%20des%20recherches%20suspendue%20\u00e0%20cause%20de%20l\u2019ins\u00e9curit\u00e9\" class=\"share-button share-button-72 stumbleupon\" id=\"stumbleupon\">\r\n\r\n<span class=\"button-icon\"><i class=\"fab fa-stumbleupon\"><\/i><\/span>\r\n<span class=\"button-name\">Stumbleupon<\/span>\r\n<span class=\"button-count\">0<\/span>\t\t\t\t\r\n\r\n<\/a>\r\n<\/div><\/div><\/div>","protected":false},"author":1,"featured_media":0,"comment_status":"open","ping_status":"open","sticky":false,"template":"","format":"standard","meta":{"footnotes":""},"categories":[1],"tags":[],"class_list":["post-72","post","type-post","status-publish","format-standard","hentry","category-actualite","entry"],"_links":{"self":[{"href":"https:\/\/abdoumoustoifa.info\/index.php\/wp-json\/wp\/v2\/posts\/72","targetHints":{"allow":["GET"]}}],"collection":[{"href":"https:\/\/abdoumoustoifa.info\/index.php\/wp-json\/wp\/v2\/posts"}],"about":[{"href":"https:\/\/abdoumoustoifa.info\/index.php\/wp-json\/wp\/v2\/types\/post"}],"author":[{"embeddable":true,"href":"https:\/\/abdoumoustoifa.info\/index.php\/wp-json\/wp\/v2\/users\/1"}],"replies":[{"embeddable":true,"href":"https:\/\/abdoumoustoifa.info\/index.php\/wp-json\/wp\/v2\/comments?post=72"}],"version-history":[{"count":0,"href":"https:\/\/abdoumoustoifa.info\/index.php\/wp-json\/wp\/v2\/posts\/72\/revisions"}],"wp:attachment":[{"href":"https:\/\/abdoumoustoifa.info\/index.php\/wp-json\/wp\/v2\/media?parent=72"}],"wp:term":[{"taxonomy":"category","embeddable":true,"href":"https:\/\/abdoumoustoifa.info\/index.php\/wp-json\/wp\/v2\/categories?post=72"},{"taxonomy":"post_tag","embeddable":true,"href":"https:\/\/abdoumoustoifa.info\/index.php\/wp-json\/wp\/v2\/tags?post=72"}],"curies":[{"name":"wp","href":"https:\/\/api.w.org\/{rel}","templated":true}]}}